{"id":14575,"date":"2018-05-06T08:45:12","date_gmt":"2018-05-06T06:45:12","guid":{"rendered":"http:\/\/datastorica.agenziacalendario.com\/?p=14575"},"modified":"2018-05-05T21:03:21","modified_gmt":"2018-05-05T19:03:21","slug":"260-anni-fa-nasce-maximilien-robespierre-tra-i-protagonisti-della-rivoluzione-francese","status":"publish","type":"post","link":"https:\/\/datastorica.it\/blog\/2018\/05\/06\/260-anni-fa-nasce-maximilien-robespierre-tra-i-protagonisti-della-rivoluzione-francese\/","title":{"rendered":"260 anni fa nasce Maximilien Robespierre, tra i protagonisti della Rivoluzione francese"},"content":{"rendered":"<p>Il 6 maggio 1758 nasce ad Arras (Francia) Maximilien-Fran\u00e7ois-Marie-Isidore de Robespierre, uno dei principali protagonisti della Rivoluzione francese e il pi\u00f9 importante esponente del regime del Terrore. Giacobino, deputato nel 1792 alla Convenzione, detto l&#8217;incorruttibile, si batte perch\u00e9 Luigi XVI sia giustiziato; nel 1793 ha parte preminente nell&#8217;abbattimento del governo moderato girondino dopodich\u00e9 diventa membro tra i pi\u00f9 influenti del Comitato di salute pubblica. Per far fronte all&#8217;emergenza posta dalla guerra in corso e assicurare il consolidamento del nuovo Stato repubblicano, impone la politica del Terrore e non esita a colpire anche i giacobini moderati (Danton, Desmoulins) e gli estremisti (H\u00e9bert). Gli eccessi del Terrore, anche se non sempre pienamente approvati dal Robespierre, rendono insopportabile la sua dittatura. Arrestato il 27 luglio 1794 (colpo di Stato del 9 termidoro) a Parigi (Francia), il 28 luglio 1794 Robespierre \u00e8 giustiziato con 82 suoi collaboratori.<\/p>\n","protected":false},"excerpt":{"rendered":"<p>Il 6 maggio 1758 nasce ad Arras (Francia) Maximilien-Fran\u00e7ois-Marie-Isidore de Robespierre, uno dei principali protagonisti della Rivoluzione francese e il pi\u00f9 importante esponente del regime del Terrore. Giacobino, deputato nel 1792 alla Convenzione, detto l&#8217;incorruttibile, si batte perch\u00e9 Luigi XVI sia giustiziato; nel 1793 ha parte preminente nell&#8217;abbattimento del governo moderato girondino dopodich\u00e9 diventa membro [&hellip;]<\/p>\n","protected":false},"author":1,"featured_media":0,"comment_status":"open","ping_status":"open","sticky":false,"template":"","format":"standard","meta":{"footnotes":""},"categories":[],"tags":[],"class_list":["post-14575","post","type-post","status-publish","format-standard","hentry"],"_links":{"self":[{"href":"https:\/\/datastorica.it\/blog\/wp-json\/wp\/v2\/posts\/14575","targetHints":{"allow":["GET"]}}],"collection":[{"href":"https:\/\/datastorica.it\/blog\/wp-json\/wp\/v2\/posts"}],"about":[{"href":"https:\/\/datastorica.it\/blog\/wp-json\/wp\/v2\/types\/post"}],"author":[{"embeddable":true,"href":"https:\/\/datastorica.it\/blog\/wp-json\/wp\/v2\/users\/1"}],"replies":[{"embeddable":true,"href":"https:\/\/datastorica.it\/blog\/wp-json\/wp\/v2\/comments?post=14575"}],"version-history":[{"count":2,"href":"https:\/\/datastorica.it\/blog\/wp-json\/wp\/v2\/posts\/14575\/revisions"}],"predecessor-version":[{"id":14577,"href":"https:\/\/datastorica.it\/blog\/wp-json\/wp\/v2\/posts\/14575\/revisions\/14577"}],"wp:attachment":[{"href":"https:\/\/datastorica.it\/blog\/wp-json\/wp\/v2\/media?parent=14575"}],"wp:term":[{"taxonomy":"category","embeddable":true,"href":"https:\/\/datastorica.it\/blog\/wp-json\/wp\/v2\/categories?post=14575"},{"taxonomy":"post_tag","embeddable":true,"href":"https:\/\/datastorica.it\/blog\/wp-json\/wp\/v2\/tags?post=14575"}],"curies":[{"name":"wp","href":"https:\/\/api.w.org\/{rel}","templated":true}]}}