{"id":14584,"date":"2018-05-06T11:49:13","date_gmt":"2018-05-06T09:49:13","guid":{"rendered":"http:\/\/datastorica.agenziacalendario.com\/?p=14584"},"modified":"2018-05-05T21:10:54","modified_gmt":"2018-05-05T19:10:54","slug":"30-anni-fa-strage-di-ustica-una-telefonata-a-telefono-giallo-riapre-il-caso","status":"publish","type":"post","link":"https:\/\/datastorica.it\/blog\/2018\/05\/06\/30-anni-fa-strage-di-ustica-una-telefonata-a-telefono-giallo-riapre-il-caso\/","title":{"rendered":"30 anni fa, Strage di Ustica: una telefonata a &#8220;Telefono giallo&#8221; riapre il caso"},"content":{"rendered":"<p>Il 6 maggio 1988 durante la prima puntata della trasmissione \u201cTelefono Giallo\u201d di Corrado Augias, la voce anonima di un ex aviere in servizio a Marsala (Trapani) la notte della tragedia di Ustica (Palermo), sostiene che \u201cfu ordinato di tacere\u201d. Si rompe cos\u00ec un silenzio durato otto anni: dal 27 giugno 1980, quando il Dc9 Itavia si inabissa con 81 persone a bordo, prevale la tesi del cedimento strutturale, tanto che la societ\u00e0 proprietaria dell\u2019aereo diventer\u00e0 il primo capro espiatorio e sar\u00e0 costretta a sciogliersi ma la famiglia Davanzali ricever\u00e0 nel 2009 108 milioni di euro, a risarcimento delle deficienze dello Stato nel garantire la sicurezza dell&#8217;aerovia su cui volava il DC-9. La Corte di Cassazione, il 28 gennaio 2013, ha riconosciuto un risarcimento di 1,2 milioni di euro ai familiari di quattro vittime della strage di Ustica. Il giudice di Palermo, il 9 ottobre 2014, ha condannato il ministero della Difesa e il ministero dei Trasporti, a rimborsare le spese di giudizio e a risarcire con 5 637 199 euro, 14 familiari o eredi, di Annino Molteni, Erica Dora Mazzel, Rita Giovanna Mazzel, Maria Vincenza Calderone, Alessandra Parisi e Elvira De Lisi morti nella tragedia aerea di Ustica.\u00a0Il 10 luglio 2017 la prima sezione civile della Corte di Appello di Palermo ha condannato il ministero della Difesa e il ministero dei Trasporti a risarcire 45 familiari di alcune delle 81 vittime della strage di Ustica per complessivi 55 milioni di euro.[160] La sentenza s&#8217;inscrive nella ricostruzione della dinamica dei fatti inerente l&#8217;atto ostile perpetrato da un velivolo terzo: secondo i giudici, i dicasteri non avrebbero attuato le &#8220;opportune reazioni&#8221; atte a consentire l&#8217;intercettazione del velivolo ostile e la garanzia della sicurezza delle rotte civili sopra il mar Tirreno. La corte indica inoltre nuovamente la sussistenza di un depistaggio delle indagini.<\/p>\n","protected":false},"excerpt":{"rendered":"<p>Il 6 maggio 1988 durante la prima puntata della trasmissione \u201cTelefono Giallo\u201d di Corrado Augias, la voce anonima di un ex aviere in servizio a Marsala (Trapani) la notte della tragedia di Ustica (Palermo), sostiene che \u201cfu ordinato di tacere\u201d. Si rompe cos\u00ec un silenzio durato otto anni: dal 27 giugno 1980, quando il Dc9 [&hellip;]<\/p>\n","protected":false},"author":1,"featured_media":0,"comment_status":"open","ping_status":"open","sticky":false,"template":"","format":"standard","meta":{"footnotes":""},"categories":[],"tags":[],"class_list":["post-14584","post","type-post","status-publish","format-standard","hentry"],"_links":{"self":[{"href":"https:\/\/datastorica.it\/blog\/wp-json\/wp\/v2\/posts\/14584","targetHints":{"allow":["GET"]}}],"collection":[{"href":"https:\/\/datastorica.it\/blog\/wp-json\/wp\/v2\/posts"}],"about":[{"href":"https:\/\/datastorica.it\/blog\/wp-json\/wp\/v2\/types\/post"}],"author":[{"embeddable":true,"href":"https:\/\/datastorica.it\/blog\/wp-json\/wp\/v2\/users\/1"}],"replies":[{"embeddable":true,"href":"https:\/\/datastorica.it\/blog\/wp-json\/wp\/v2\/comments?post=14584"}],"version-history":[{"count":1,"href":"https:\/\/datastorica.it\/blog\/wp-json\/wp\/v2\/posts\/14584\/revisions"}],"predecessor-version":[{"id":14585,"href":"https:\/\/datastorica.it\/blog\/wp-json\/wp\/v2\/posts\/14584\/revisions\/14585"}],"wp:attachment":[{"href":"https:\/\/datastorica.it\/blog\/wp-json\/wp\/v2\/media?parent=14584"}],"wp:term":[{"taxonomy":"category","embeddable":true,"href":"https:\/\/datastorica.it\/blog\/wp-json\/wp\/v2\/categories?post=14584"},{"taxonomy":"post_tag","embeddable":true,"href":"https:\/\/datastorica.it\/blog\/wp-json\/wp\/v2\/tags?post=14584"}],"curies":[{"name":"wp","href":"https:\/\/api.w.org\/{rel}","templated":true}]}}