{"id":15365,"date":"2018-07-05T09:30:03","date_gmt":"2018-07-05T07:30:03","guid":{"rendered":"http:\/\/datastorica.agenziacalendario.com\/?p=15365"},"modified":"2018-07-05T09:17:32","modified_gmt":"2018-07-05T07:17:32","slug":"160-anni-fa-muore-il-politico-valentin-gomez-farias-a-lungo-vice-presidente-operativo","status":"publish","type":"post","link":"https:\/\/datastorica.it\/blog\/2018\/07\/05\/160-anni-fa-muore-il-politico-valentin-gomez-farias-a-lungo-vice-presidente-operativo\/","title":{"rendered":"160 anni fa muore il politico Valentin Gomez Farias, a lungo vice presidente operativo"},"content":{"rendered":"<p>Il 5 luglio 1858 muore a Citt\u00e0 del Messico (Messico) il politico Valentin Gomes Farias, a lungo vice presidente operativo. Jos\u00e9 Mar\u00eda Valent\u00edn Gomez de la Vara y Martinez Farias, questo il suo nome completo, nasce il 14 febbraio 1781 a Guadalajara (Jalisco, Messico). Il 30 marzo 1833 il Congresso Nazionale lo elegge Vice Presidente, con potere esecutivo, degli Stati Uniti del Messico. Gomez Farias ricopre questa carica in diversi periodi: dal 1 aprile al 1 maggio 1833, da 3 al 18 giugno 1833, dal 5 luglio al 27 ottobre 1833 e dal 16 dicembre 1833 al 24 aprile 1834.<\/p>\n","protected":false},"excerpt":{"rendered":"<p>Il 5 luglio 1858 muore a Citt\u00e0 del Messico (Messico) il politico Valentin Gomes Farias, a lungo vice presidente operativo. Jos\u00e9 Mar\u00eda Valent\u00edn Gomez de la Vara y Martinez Farias, questo il suo nome completo, nasce il 14 febbraio 1781 a Guadalajara (Jalisco, Messico). Il 30 marzo 1833 il Congresso Nazionale lo elegge Vice Presidente, [&hellip;]<\/p>\n","protected":false},"author":1,"featured_media":0,"comment_status":"open","ping_status":"open","sticky":false,"template":"","format":"standard","meta":{"footnotes":""},"categories":[],"tags":[],"class_list":["post-15365","post","type-post","status-publish","format-standard","hentry"],"_links":{"self":[{"href":"https:\/\/datastorica.it\/blog\/wp-json\/wp\/v2\/posts\/15365","targetHints":{"allow":["GET"]}}],"collection":[{"href":"https:\/\/datastorica.it\/blog\/wp-json\/wp\/v2\/posts"}],"about":[{"href":"https:\/\/datastorica.it\/blog\/wp-json\/wp\/v2\/types\/post"}],"author":[{"embeddable":true,"href":"https:\/\/datastorica.it\/blog\/wp-json\/wp\/v2\/users\/1"}],"replies":[{"embeddable":true,"href":"https:\/\/datastorica.it\/blog\/wp-json\/wp\/v2\/comments?post=15365"}],"version-history":[{"count":1,"href":"https:\/\/datastorica.it\/blog\/wp-json\/wp\/v2\/posts\/15365\/revisions"}],"predecessor-version":[{"id":15366,"href":"https:\/\/datastorica.it\/blog\/wp-json\/wp\/v2\/posts\/15365\/revisions\/15366"}],"wp:attachment":[{"href":"https:\/\/datastorica.it\/blog\/wp-json\/wp\/v2\/media?parent=15365"}],"wp:term":[{"taxonomy":"category","embeddable":true,"href":"https:\/\/datastorica.it\/blog\/wp-json\/wp\/v2\/categories?post=15365"},{"taxonomy":"post_tag","embeddable":true,"href":"https:\/\/datastorica.it\/blog\/wp-json\/wp\/v2\/tags?post=15365"}],"curies":[{"name":"wp","href":"https:\/\/api.w.org\/{rel}","templated":true}]}}