{"id":15389,"date":"2018-07-11T10:00:26","date_gmt":"2018-07-11T08:00:26","guid":{"rendered":"http:\/\/datastorica.agenziacalendario.com\/?p=15389"},"modified":"2018-07-10T20:18:35","modified_gmt":"2018-07-10T18:18:35","slug":"130-anni-fa-nasce-il-giurista-e-filosofo-carl-schmitt-aderisce-al-regime-nazista","status":"publish","type":"post","link":"https:\/\/datastorica.it\/blog\/2018\/07\/11\/130-anni-fa-nasce-il-giurista-e-filosofo-carl-schmitt-aderisce-al-regime-nazista\/","title":{"rendered":"130 anni fa nasce il giurista e filosofo Carl Schmitt, aderisce al regime nazista"},"content":{"rendered":"<p>L&#8217;11 luglio 1888 nasce a Plettenberg (Germania) il giurista e filosofo Carl Schmitt: docente di diritto presso le universit\u00e0 di Bonn (Germania), Berlino (Germania) e Colonia (Germania), con l&#8217;avvento del nazismo elabora le linee guida e i principi giuridici di base del nuovo regime, difendendo le leggi che nel 1935 sopprimono i diritti civili degli ebrei. Nel 1945 \u00e8 arrestato dagli alleati, \u00e8 internato in un campo e nel 1947 \u00e8 indiziato per crimini di guerra nel processo di Norimberga (Germania), dove si difende sostenendo che i suoi scritti erano solo analisi teoriche. Una volta rilasciato, Schmitt si ritira a vita privata a Plettenberg, sua citt\u00e0 natale, dove trascorre i suoi ultimi anni di vita e dove muore il 7 aprile 1985.<\/p>\n","protected":false},"excerpt":{"rendered":"<p>L&#8217;11 luglio 1888 nasce a Plettenberg (Germania) il giurista e filosofo Carl Schmitt: docente di diritto presso le universit\u00e0 di Bonn (Germania), Berlino (Germania) e Colonia (Germania), con l&#8217;avvento del nazismo elabora le linee guida e i principi giuridici di base del nuovo regime, difendendo le leggi che nel 1935 sopprimono i diritti civili degli [&hellip;]<\/p>\n","protected":false},"author":1,"featured_media":0,"comment_status":"open","ping_status":"open","sticky":false,"template":"","format":"standard","meta":{"footnotes":""},"categories":[],"tags":[],"class_list":["post-15389","post","type-post","status-publish","format-standard","hentry"],"_links":{"self":[{"href":"https:\/\/datastorica.it\/blog\/wp-json\/wp\/v2\/posts\/15389","targetHints":{"allow":["GET"]}}],"collection":[{"href":"https:\/\/datastorica.it\/blog\/wp-json\/wp\/v2\/posts"}],"about":[{"href":"https:\/\/datastorica.it\/blog\/wp-json\/wp\/v2\/types\/post"}],"author":[{"embeddable":true,"href":"https:\/\/datastorica.it\/blog\/wp-json\/wp\/v2\/users\/1"}],"replies":[{"embeddable":true,"href":"https:\/\/datastorica.it\/blog\/wp-json\/wp\/v2\/comments?post=15389"}],"version-history":[{"count":1,"href":"https:\/\/datastorica.it\/blog\/wp-json\/wp\/v2\/posts\/15389\/revisions"}],"predecessor-version":[{"id":15390,"href":"https:\/\/datastorica.it\/blog\/wp-json\/wp\/v2\/posts\/15389\/revisions\/15390"}],"wp:attachment":[{"href":"https:\/\/datastorica.it\/blog\/wp-json\/wp\/v2\/media?parent=15389"}],"wp:term":[{"taxonomy":"category","embeddable":true,"href":"https:\/\/datastorica.it\/blog\/wp-json\/wp\/v2\/categories?post=15389"},{"taxonomy":"post_tag","embeddable":true,"href":"https:\/\/datastorica.it\/blog\/wp-json\/wp\/v2\/tags?post=15389"}],"curies":[{"name":"wp","href":"https:\/\/api.w.org\/{rel}","templated":true}]}}