{"id":154,"date":"2011-05-29T13:33:26","date_gmt":"2011-05-29T11:33:26","guid":{"rendered":"http:\/\/agenziacalendario.com\/wp\/?p=154"},"modified":"2011-05-29T09:35:34","modified_gmt":"2011-05-29T07:35:34","slug":"muore-leditore-vito-laterza","status":"publish","type":"post","link":"https:\/\/datastorica.it\/blog\/2011\/05\/29\/muore-leditore-vito-laterza\/","title":{"rendered":"Muore l&#8217;editore Vito Laterza"},"content":{"rendered":"<p><a href=\"http:\/\/agenziacalendario.com\/wp\/wp-content\/uploads\/2011\/05\/Vito-Laterza.jpg\"><img loading=\"lazy\" decoding=\"async\" class=\"alignleft size-thumbnail wp-image-155\" title=\"Vito Laterza\" src=\"http:\/\/agenziacalendario.com\/wp\/wp-content\/uploads\/2011\/05\/Vito-Laterza-150x150.jpg\" alt=\"\" width=\"150\" height=\"150\" \/><\/a>Il 29 maggio 2001 muore a Roma l&#8217;editore Vito Laterza. Vito nasce l&#8217;11 dicembre 1926 a Bari. Direttore editoriale dal 1951 dell&#8217;omonima casa fondata da suo bisnonno nel 1885. \u00c8 Vito Laterza a gestire nel dopoguerra dopo la morte di Benedetto Croce, uno dei pilastri della casa editrice, il passaggio dell&#8217;azienda a moderna industria culturale, che continua a segnare il mondo della saggistica e dell&#8217;universit\u00e0 italiana. Il figlio Giuseppe \u00e8 oggi presidente della casa editrice mentre l&#8217;altro figlio Federico \u00e8 un musicista jazz. Vito Laterza \u00e8 nominato \u00abOfficier de l\u2019Ordre des Arts et des Lettres\u00bb dal Ministero della Cultura francese nel 1977, Grand\u2019Ufficiale dal presidente Francesco Cossiga nel 1989, Cavaliere del Lavoro dal 2 giugno 1990, Cavaliere di Gran Croce dell\u2019Ordine al Merito della repubblica Italiana nel 1996 da Oscar Luigi Scalfaro. Dal 2000 Vito \u00e8 presidente onorario della \u00abGiuseppe Laterza e figli\u00bb .<\/p>\n","protected":false},"excerpt":{"rendered":"<p>Il 29 maggio 2001 muore a Roma l&#8217;editore Vito Laterza. Vito nasce l&#8217;11 dicembre 1926 a Bari. Direttore editoriale dal 1951 dell&#8217;omonima casa fondata da suo bisnonno nel 1885. \u00c8 Vito Laterza a gestire nel dopoguerra dopo la morte di Benedetto Croce, uno dei pilastri della casa editrice, il passaggio dell&#8217;azienda a moderna industria culturale, [&hellip;]<\/p>\n","protected":false},"author":1,"featured_media":0,"comment_status":"open","ping_status":"open","sticky":false,"template":"","format":"standard","meta":{"footnotes":""},"categories":[],"tags":[],"class_list":["post-154","post","type-post","status-publish","format-standard","hentry"],"_links":{"self":[{"href":"https:\/\/datastorica.it\/blog\/wp-json\/wp\/v2\/posts\/154","targetHints":{"allow":["GET"]}}],"collection":[{"href":"https:\/\/datastorica.it\/blog\/wp-json\/wp\/v2\/posts"}],"about":[{"href":"https:\/\/datastorica.it\/blog\/wp-json\/wp\/v2\/types\/post"}],"author":[{"embeddable":true,"href":"https:\/\/datastorica.it\/blog\/wp-json\/wp\/v2\/users\/1"}],"replies":[{"embeddable":true,"href":"https:\/\/datastorica.it\/blog\/wp-json\/wp\/v2\/comments?post=154"}],"version-history":[{"count":1,"href":"https:\/\/datastorica.it\/blog\/wp-json\/wp\/v2\/posts\/154\/revisions"}],"predecessor-version":[{"id":156,"href":"https:\/\/datastorica.it\/blog\/wp-json\/wp\/v2\/posts\/154\/revisions\/156"}],"wp:attachment":[{"href":"https:\/\/datastorica.it\/blog\/wp-json\/wp\/v2\/media?parent=154"}],"wp:term":[{"taxonomy":"category","embeddable":true,"href":"https:\/\/datastorica.it\/blog\/wp-json\/wp\/v2\/categories?post=154"},{"taxonomy":"post_tag","embeddable":true,"href":"https:\/\/datastorica.it\/blog\/wp-json\/wp\/v2\/tags?post=154"}],"curies":[{"name":"wp","href":"https:\/\/api.w.org\/{rel}","templated":true}]}}