{"id":15417,"date":"2018-07-13T11:00:06","date_gmt":"2018-07-13T09:00:06","guid":{"rendered":"http:\/\/datastorica.agenziacalendario.com\/?p=15417"},"modified":"2018-07-13T09:20:29","modified_gmt":"2018-07-13T07:20:29","slug":"90-anni-fa-nasce-il-boss-mafioso-tommaso-buscetta-collabora-con-giovanni-falcone","status":"publish","type":"post","link":"https:\/\/datastorica.it\/blog\/2018\/07\/13\/90-anni-fa-nasce-il-boss-mafioso-tommaso-buscetta-collabora-con-giovanni-falcone\/","title":{"rendered":"90 anni fa nasce il boss mafioso Tommaso Buscetta, collabora con Giovanni Falcone"},"content":{"rendered":"<p>Il 13 luglio 1928 nasce a Palermo Tommaso Buscetta, collaboratore di giustizia italiano ed ex-componente dei vertici di Cosa Nostra. Detto il boss dei due mondi, \u00e8 un affiliato della mafia e successivamente uno dei primi e pi\u00f9 importanti collaboratori di giustizia nella lotta contro la mafia siciliana. Collabora con Giovanni Falcone alla ricostruzione giudiziaria dell&#8217;organizzazione e della struttura di Cosa nostra ed in cambio \u00e8 estradato negli Usa dopo avere ottenuto una nuova identit\u00e0 e protezione per s\u00e8 e per la sua famiglia. Buscetta muore il 2 aprile 2000 a New York (New York, Usa).<\/p>\n","protected":false},"excerpt":{"rendered":"<p>Il 13 luglio 1928 nasce a Palermo Tommaso Buscetta, collaboratore di giustizia italiano ed ex-componente dei vertici di Cosa Nostra. Detto il boss dei due mondi, \u00e8 un affiliato della mafia e successivamente uno dei primi e pi\u00f9 importanti collaboratori di giustizia nella lotta contro la mafia siciliana. Collabora con Giovanni Falcone alla ricostruzione giudiziaria [&hellip;]<\/p>\n","protected":false},"author":1,"featured_media":0,"comment_status":"open","ping_status":"open","sticky":false,"template":"","format":"standard","meta":{"footnotes":""},"categories":[],"tags":[],"class_list":["post-15417","post","type-post","status-publish","format-standard","hentry"],"_links":{"self":[{"href":"https:\/\/datastorica.it\/blog\/wp-json\/wp\/v2\/posts\/15417","targetHints":{"allow":["GET"]}}],"collection":[{"href":"https:\/\/datastorica.it\/blog\/wp-json\/wp\/v2\/posts"}],"about":[{"href":"https:\/\/datastorica.it\/blog\/wp-json\/wp\/v2\/types\/post"}],"author":[{"embeddable":true,"href":"https:\/\/datastorica.it\/blog\/wp-json\/wp\/v2\/users\/1"}],"replies":[{"embeddable":true,"href":"https:\/\/datastorica.it\/blog\/wp-json\/wp\/v2\/comments?post=15417"}],"version-history":[{"count":1,"href":"https:\/\/datastorica.it\/blog\/wp-json\/wp\/v2\/posts\/15417\/revisions"}],"predecessor-version":[{"id":15418,"href":"https:\/\/datastorica.it\/blog\/wp-json\/wp\/v2\/posts\/15417\/revisions\/15418"}],"wp:attachment":[{"href":"https:\/\/datastorica.it\/blog\/wp-json\/wp\/v2\/media?parent=15417"}],"wp:term":[{"taxonomy":"category","embeddable":true,"href":"https:\/\/datastorica.it\/blog\/wp-json\/wp\/v2\/categories?post=15417"},{"taxonomy":"post_tag","embeddable":true,"href":"https:\/\/datastorica.it\/blog\/wp-json\/wp\/v2\/tags?post=15417"}],"curies":[{"name":"wp","href":"https:\/\/api.w.org\/{rel}","templated":true}]}}