{"id":15433,"date":"2018-07-13T14:32:46","date_gmt":"2018-07-13T12:32:46","guid":{"rendered":"http:\/\/datastorica.agenziacalendario.com\/?p=15433"},"modified":"2018-07-13T09:34:34","modified_gmt":"2018-07-13T07:34:34","slug":"dieci-anni-fa-muore-in-un-incidente-stradale-geremek-ideologo-di-solidarnosc","status":"publish","type":"post","link":"https:\/\/datastorica.it\/blog\/2018\/07\/13\/dieci-anni-fa-muore-in-un-incidente-stradale-geremek-ideologo-di-solidarnosc\/","title":{"rendered":"Dieci anni fa muore in un incidente stradale Geremek  ideologo di Solidarnosc"},"content":{"rendered":"<p>Il 13 luglio 2008 muore a Lubien&#8217; (Polonia) alla guida della sua Mercedes, mentre \u00e8 in viaggio per Berlino (Germania) il politico e storico polacco Bronislaw Geremek, ideologo di Solidarnosc. Geremek nasce da una famiglia ebrea il 6 marzo 1932 a Varsavia (Polonia), dove si laurea alla Facolt\u00e0 di Storia, perfeziona poi gli studi a Parigi (Francia) all&#8217;Ecole Pratique des Hautes Etudes e diventa poi professore associato alla Polish Academy of Sciences. Geremek \u00e8 uno dei principali dirigenti di Solidarnosc negli anni &#8217;80 e importante consigliere di Lech Walesa, combatte per la libert\u00e0 della Polonia e lavora per l&#8217;ingresso della Polonia nella Nato (1999) e nella UE. Dal 2004 \u00e8 nel Parlamento polacco ed \u00e8 autore di libri.<\/p>\n","protected":false},"excerpt":{"rendered":"<p>Il 13 luglio 2008 muore a Lubien&#8217; (Polonia) alla guida della sua Mercedes, mentre \u00e8 in viaggio per Berlino (Germania) il politico e storico polacco Bronislaw Geremek, ideologo di Solidarnosc. Geremek nasce da una famiglia ebrea il 6 marzo 1932 a Varsavia (Polonia), dove si laurea alla Facolt\u00e0 di Storia, perfeziona poi gli studi a [&hellip;]<\/p>\n","protected":false},"author":1,"featured_media":0,"comment_status":"open","ping_status":"open","sticky":false,"template":"","format":"standard","meta":{"footnotes":""},"categories":[],"tags":[],"class_list":["post-15433","post","type-post","status-publish","format-standard","hentry"],"_links":{"self":[{"href":"https:\/\/datastorica.it\/blog\/wp-json\/wp\/v2\/posts\/15433","targetHints":{"allow":["GET"]}}],"collection":[{"href":"https:\/\/datastorica.it\/blog\/wp-json\/wp\/v2\/posts"}],"about":[{"href":"https:\/\/datastorica.it\/blog\/wp-json\/wp\/v2\/types\/post"}],"author":[{"embeddable":true,"href":"https:\/\/datastorica.it\/blog\/wp-json\/wp\/v2\/users\/1"}],"replies":[{"embeddable":true,"href":"https:\/\/datastorica.it\/blog\/wp-json\/wp\/v2\/comments?post=15433"}],"version-history":[{"count":1,"href":"https:\/\/datastorica.it\/blog\/wp-json\/wp\/v2\/posts\/15433\/revisions"}],"predecessor-version":[{"id":15434,"href":"https:\/\/datastorica.it\/blog\/wp-json\/wp\/v2\/posts\/15433\/revisions\/15434"}],"wp:attachment":[{"href":"https:\/\/datastorica.it\/blog\/wp-json\/wp\/v2\/media?parent=15433"}],"wp:term":[{"taxonomy":"category","embeddable":true,"href":"https:\/\/datastorica.it\/blog\/wp-json\/wp\/v2\/categories?post=15433"},{"taxonomy":"post_tag","embeddable":true,"href":"https:\/\/datastorica.it\/blog\/wp-json\/wp\/v2\/tags?post=15433"}],"curies":[{"name":"wp","href":"https:\/\/api.w.org\/{rel}","templated":true}]}}