{"id":15502,"date":"2018-07-20T12:36:32","date_gmt":"2018-07-20T10:36:32","guid":{"rendered":"http:\/\/datastorica.agenziacalendario.com\/?p=15502"},"modified":"2018-07-20T09:37:41","modified_gmt":"2018-07-20T07:37:41","slug":"70-anni-fa-eccidio-delle-fosse-ardeatine-ergastolo-per-herbert-kappler","status":"publish","type":"post","link":"https:\/\/datastorica.it\/blog\/2018\/07\/20\/70-anni-fa-eccidio-delle-fosse-ardeatine-ergastolo-per-herbert-kappler\/","title":{"rendered":"70 anni fa, Eccidio delle Fosse Ardeatine: ergastolo per Herbert Kappler"},"content":{"rendered":"<p>Il 20 luglio 1948 a Roma l&#8217;ufficiale tedesco Herbert Kappler, comandante della Gestapo a Roma nell&#8217;ultimo periodo della guerra, \u00e8 condannato all&#8217;ergastolo perch\u00e9 riconosciuto responsabile dell&#8217;eccidio delle Fosse Ardeatine. Kappler si difende dalle accuse sostenendo di aver eseguito ordini superiori. Kappler nasce il 23 settembre 1907 a Stoccarda (Germania), responsabile della deportazione di migliaia di ebrei e autore tra l&#8217;altro della razzia del ghetto di Roma e dell&#8217;arresto della principessa Mafalda di Savoia, \u00e8 arrestato dalle truppe inglesi alla fine della guerra, trasferito alle autorit\u00e0 italiane nel 1947 e processato da un tribunale militare. Rinchiuso prima nel carcere militare di Forte Boccea a Roma, \u00e8 in seguito trasferito presso quello di Gaeta (Napoli). Nel 1977 \u00e8 ricoverato all&#8217;ospedale militare del Celio, a Roma, da dove evade il 15 agosto 1977. Kappler muore il 9 febbraio 1978 a Soltau (Germania).<\/p>\n","protected":false},"excerpt":{"rendered":"<p>Il 20 luglio 1948 a Roma l&#8217;ufficiale tedesco Herbert Kappler, comandante della Gestapo a Roma nell&#8217;ultimo periodo della guerra, \u00e8 condannato all&#8217;ergastolo perch\u00e9 riconosciuto responsabile dell&#8217;eccidio delle Fosse Ardeatine. Kappler si difende dalle accuse sostenendo di aver eseguito ordini superiori. Kappler nasce il 23 settembre 1907 a Stoccarda (Germania), responsabile della deportazione di migliaia di [&hellip;]<\/p>\n","protected":false},"author":1,"featured_media":0,"comment_status":"open","ping_status":"open","sticky":false,"template":"","format":"standard","meta":{"footnotes":""},"categories":[],"tags":[],"class_list":["post-15502","post","type-post","status-publish","format-standard","hentry"],"_links":{"self":[{"href":"https:\/\/datastorica.it\/blog\/wp-json\/wp\/v2\/posts\/15502","targetHints":{"allow":["GET"]}}],"collection":[{"href":"https:\/\/datastorica.it\/blog\/wp-json\/wp\/v2\/posts"}],"about":[{"href":"https:\/\/datastorica.it\/blog\/wp-json\/wp\/v2\/types\/post"}],"author":[{"embeddable":true,"href":"https:\/\/datastorica.it\/blog\/wp-json\/wp\/v2\/users\/1"}],"replies":[{"embeddable":true,"href":"https:\/\/datastorica.it\/blog\/wp-json\/wp\/v2\/comments?post=15502"}],"version-history":[{"count":1,"href":"https:\/\/datastorica.it\/blog\/wp-json\/wp\/v2\/posts\/15502\/revisions"}],"predecessor-version":[{"id":15503,"href":"https:\/\/datastorica.it\/blog\/wp-json\/wp\/v2\/posts\/15502\/revisions\/15503"}],"wp:attachment":[{"href":"https:\/\/datastorica.it\/blog\/wp-json\/wp\/v2\/media?parent=15502"}],"wp:term":[{"taxonomy":"category","embeddable":true,"href":"https:\/\/datastorica.it\/blog\/wp-json\/wp\/v2\/categories?post=15502"},{"taxonomy":"post_tag","embeddable":true,"href":"https:\/\/datastorica.it\/blog\/wp-json\/wp\/v2\/tags?post=15502"}],"curies":[{"name":"wp","href":"https:\/\/api.w.org\/{rel}","templated":true}]}}