{"id":15525,"date":"2018-07-25T10:32:28","date_gmt":"2018-07-25T08:32:28","guid":{"rendered":"http:\/\/datastorica.agenziacalendario.com\/?p=15525"},"modified":"2018-07-25T09:36:58","modified_gmt":"2018-07-25T07:36:58","slug":"90-anni-fa-nasce-il-giornalista-biagio-agnes-e-direttore-generale-della-rai-per-8-anni","status":"publish","type":"post","link":"https:\/\/datastorica.it\/blog\/2018\/07\/25\/90-anni-fa-nasce-il-giornalista-biagio-agnes-e-direttore-generale-della-rai-per-8-anni\/","title":{"rendered":"90 anni fa nasce il giornalista Biagio Agnes, \u00e8 direttore generale della Rai per 8 anni"},"content":{"rendered":"<p>Il 25 luglio 1928 nasce a Serino (Avellino) il giornalista Biagio Agnes, \u00e8 direttore generale della Rai dal 1982 al 1990. Inizia la carriera nel Corriere dell\u2019Irpinia, per poi approdare in Rai nel 1958. Nel 1977 dirige l&#8217;informazione radiofonica e televisiva regionale, due anni dopo gli \u00e8 affidata la direzione della Terza rete. Sotto la sua direzione sorge il centro televisivo Rai di Saxa Rubra. Lascia la tv di stato nel 1990 quando diventa presidente della holding delle telecomunicazioni Stet. In seguito \u00e8 alla guida da Telemontecarlo. Cavaliere del Lavoro nel 1987 e Cavaliere di Gran Croce nel 2005, dal 2006 \u00e8 direttore della Scuola di giornalismo dell&#8217;Universit\u00e0 di Salerno. Agnes idea il programma &#8220;Check-up&#8221; nel 1976. Agnes muore il 30 maggio 2011 a Roma.<\/p>\n","protected":false},"excerpt":{"rendered":"<p>Il 25 luglio 1928 nasce a Serino (Avellino) il giornalista Biagio Agnes, \u00e8 direttore generale della Rai dal 1982 al 1990. Inizia la carriera nel Corriere dell\u2019Irpinia, per poi approdare in Rai nel 1958. Nel 1977 dirige l&#8217;informazione radiofonica e televisiva regionale, due anni dopo gli \u00e8 affidata la direzione della Terza rete. Sotto la [&hellip;]<\/p>\n","protected":false},"author":1,"featured_media":0,"comment_status":"open","ping_status":"open","sticky":false,"template":"","format":"standard","meta":{"footnotes":""},"categories":[],"tags":[],"class_list":["post-15525","post","type-post","status-publish","format-standard","hentry"],"_links":{"self":[{"href":"https:\/\/datastorica.it\/blog\/wp-json\/wp\/v2\/posts\/15525","targetHints":{"allow":["GET"]}}],"collection":[{"href":"https:\/\/datastorica.it\/blog\/wp-json\/wp\/v2\/posts"}],"about":[{"href":"https:\/\/datastorica.it\/blog\/wp-json\/wp\/v2\/types\/post"}],"author":[{"embeddable":true,"href":"https:\/\/datastorica.it\/blog\/wp-json\/wp\/v2\/users\/1"}],"replies":[{"embeddable":true,"href":"https:\/\/datastorica.it\/blog\/wp-json\/wp\/v2\/comments?post=15525"}],"version-history":[{"count":1,"href":"https:\/\/datastorica.it\/blog\/wp-json\/wp\/v2\/posts\/15525\/revisions"}],"predecessor-version":[{"id":15526,"href":"https:\/\/datastorica.it\/blog\/wp-json\/wp\/v2\/posts\/15525\/revisions\/15526"}],"wp:attachment":[{"href":"https:\/\/datastorica.it\/blog\/wp-json\/wp\/v2\/media?parent=15525"}],"wp:term":[{"taxonomy":"category","embeddable":true,"href":"https:\/\/datastorica.it\/blog\/wp-json\/wp\/v2\/categories?post=15525"},{"taxonomy":"post_tag","embeddable":true,"href":"https:\/\/datastorica.it\/blog\/wp-json\/wp\/v2\/tags?post=15525"}],"curies":[{"name":"wp","href":"https:\/\/api.w.org\/{rel}","templated":true}]}}