{"id":15529,"date":"2018-07-25T01:34:39","date_gmt":"2018-07-24T23:34:39","guid":{"rendered":"http:\/\/datastorica.agenziacalendario.com\/?p=15529"},"modified":"2018-07-25T09:39:47","modified_gmt":"2018-07-25T07:39:47","slug":"70-anni-fa-nasce-il-giornalista-giancarlo-mazzuca-ex-direttore-de-il-resto-del-carlino","status":"publish","type":"post","link":"https:\/\/datastorica.it\/blog\/2018\/07\/25\/70-anni-fa-nasce-il-giornalista-giancarlo-mazzuca-ex-direttore-de-il-resto-del-carlino\/","title":{"rendered":"70 anni fa nasce il giornalista Giancarlo Mazzuca , ex direttore de Il Resto del Carlino"},"content":{"rendered":"<p>Il 25 luglio 1948 nasce a Forl\u00ec il giornalista Giancarlo Mazzuca, nel 2008 \u00e8 eletto alla Camera nelle liste del Pdl. Laureato in scienze politiche, lavora a Corriere della Sera, Giorno, Fortune, Giornale, \u00e8 vicedirettore della Voce con Montanelli. Vicedirettore del fascicolo nazionale del Resto del Carlino, La Nazione, Il Giorno, \u00e8 in seguito nominato direttore del quotidiano QN-Il Resto del Carlino. Nel 2008 \u00e8 eletto senatore per il partito Il popolo delle libert\u00e0. Pubblica &#8220;Dossier Agricoltura &#8220;, &#8220;Il leone di Trieste&#8221; (con Claudio Lindner), &#8220;Eredi&#8221; (con Paolo Mazzanti) e &#8220;Vita da Manager&#8221; (con Angelo Maria Perrino), che gli vale il premio Campione per l&#8217;economia 1989. Vince anche il premio Saint Vincent per la divulgazione economica nel 1992 e il premio Guidarello nel 1997. Mazzuca Il 3 febbraio 2013 torna alla direzione de Il Giorno che lascia il 5 maggio 2016. Il 4 agosto 2015 viene eletto membro del Consiglio di Amministrazione della RAI dalla Commissione di Vigilanza RAI e dal 7 maggio 2016 inizia a collaborare a il Giornale, sotto la direzione di Alessandro Sallusti.<\/p>\n","protected":false},"excerpt":{"rendered":"<p>Il 25 luglio 1948 nasce a Forl\u00ec il giornalista Giancarlo Mazzuca, nel 2008 \u00e8 eletto alla Camera nelle liste del Pdl. Laureato in scienze politiche, lavora a Corriere della Sera, Giorno, Fortune, Giornale, \u00e8 vicedirettore della Voce con Montanelli. Vicedirettore del fascicolo nazionale del Resto del Carlino, La Nazione, Il Giorno, \u00e8 in seguito nominato [&hellip;]<\/p>\n","protected":false},"author":1,"featured_media":0,"comment_status":"open","ping_status":"open","sticky":false,"template":"","format":"standard","meta":{"footnotes":""},"categories":[],"tags":[],"class_list":["post-15529","post","type-post","status-publish","format-standard","hentry"],"_links":{"self":[{"href":"https:\/\/datastorica.it\/blog\/wp-json\/wp\/v2\/posts\/15529","targetHints":{"allow":["GET"]}}],"collection":[{"href":"https:\/\/datastorica.it\/blog\/wp-json\/wp\/v2\/posts"}],"about":[{"href":"https:\/\/datastorica.it\/blog\/wp-json\/wp\/v2\/types\/post"}],"author":[{"embeddable":true,"href":"https:\/\/datastorica.it\/blog\/wp-json\/wp\/v2\/users\/1"}],"replies":[{"embeddable":true,"href":"https:\/\/datastorica.it\/blog\/wp-json\/wp\/v2\/comments?post=15529"}],"version-history":[{"count":1,"href":"https:\/\/datastorica.it\/blog\/wp-json\/wp\/v2\/posts\/15529\/revisions"}],"predecessor-version":[{"id":15530,"href":"https:\/\/datastorica.it\/blog\/wp-json\/wp\/v2\/posts\/15529\/revisions\/15530"}],"wp:attachment":[{"href":"https:\/\/datastorica.it\/blog\/wp-json\/wp\/v2\/media?parent=15529"}],"wp:term":[{"taxonomy":"category","embeddable":true,"href":"https:\/\/datastorica.it\/blog\/wp-json\/wp\/v2\/categories?post=15529"},{"taxonomy":"post_tag","embeddable":true,"href":"https:\/\/datastorica.it\/blog\/wp-json\/wp\/v2\/tags?post=15529"}],"curies":[{"name":"wp","href":"https:\/\/api.w.org\/{rel}","templated":true}]}}