{"id":15542,"date":"2018-07-25T14:02:51","date_gmt":"2018-07-25T12:02:51","guid":{"rendered":"http:\/\/datastorica.agenziacalendario.com\/?p=15542"},"modified":"2018-07-25T09:54:02","modified_gmt":"2018-07-25T07:54:02","slug":"dieci-anni-fa-i-40-anni-dellenciclica-humanae-vitae","status":"publish","type":"post","link":"https:\/\/datastorica.it\/blog\/2018\/07\/25\/dieci-anni-fa-i-40-anni-dellenciclica-humanae-vitae\/","title":{"rendered":"Dieci anni fa i  40 anni dell&#8217;Enciclica &#8220;Humanae vitae&#8221;"},"content":{"rendered":"<p>Il 25 luglio 2008 ricorre il 40esimo anniversario della promulgazione dell&#8217;Enciclica di Papa Paolo VI &#8220;Humanae vitae&#8221;, volta a specificare la dottrina della Chiesa sul Matrimonio. Nel documento viene ribadita la connessione inscindibile tra il significato unitivo e procreativo dell&#8217;atto coniugale, si ricorda l&#8217;illeicit\u00e0 di alcuni mezzi di regolazione della fertilit\u00e0 (contraccezione,sterilizzazione,aborto) e la promozione dei metodi leciti di riconoscimento della fertilit\u00e0.<\/p>\n","protected":false},"excerpt":{"rendered":"<p>Il 25 luglio 2008 ricorre il 40esimo anniversario della promulgazione dell&#8217;Enciclica di Papa Paolo VI &#8220;Humanae vitae&#8221;, volta a specificare la dottrina della Chiesa sul Matrimonio. Nel documento viene ribadita la connessione inscindibile tra il significato unitivo e procreativo dell&#8217;atto coniugale, si ricorda l&#8217;illeicit\u00e0 di alcuni mezzi di regolazione della fertilit\u00e0 (contraccezione,sterilizzazione,aborto) e la promozione [&hellip;]<\/p>\n","protected":false},"author":1,"featured_media":0,"comment_status":"open","ping_status":"open","sticky":false,"template":"","format":"standard","meta":{"footnotes":""},"categories":[],"tags":[],"class_list":["post-15542","post","type-post","status-publish","format-standard","hentry"],"_links":{"self":[{"href":"https:\/\/datastorica.it\/blog\/wp-json\/wp\/v2\/posts\/15542","targetHints":{"allow":["GET"]}}],"collection":[{"href":"https:\/\/datastorica.it\/blog\/wp-json\/wp\/v2\/posts"}],"about":[{"href":"https:\/\/datastorica.it\/blog\/wp-json\/wp\/v2\/types\/post"}],"author":[{"embeddable":true,"href":"https:\/\/datastorica.it\/blog\/wp-json\/wp\/v2\/users\/1"}],"replies":[{"embeddable":true,"href":"https:\/\/datastorica.it\/blog\/wp-json\/wp\/v2\/comments?post=15542"}],"version-history":[{"count":1,"href":"https:\/\/datastorica.it\/blog\/wp-json\/wp\/v2\/posts\/15542\/revisions"}],"predecessor-version":[{"id":15543,"href":"https:\/\/datastorica.it\/blog\/wp-json\/wp\/v2\/posts\/15542\/revisions\/15543"}],"wp:attachment":[{"href":"https:\/\/datastorica.it\/blog\/wp-json\/wp\/v2\/media?parent=15542"}],"wp:term":[{"taxonomy":"category","embeddable":true,"href":"https:\/\/datastorica.it\/blog\/wp-json\/wp\/v2\/categories?post=15542"},{"taxonomy":"post_tag","embeddable":true,"href":"https:\/\/datastorica.it\/blog\/wp-json\/wp\/v2\/tags?post=15542"}],"curies":[{"name":"wp","href":"https:\/\/api.w.org\/{rel}","templated":true}]}}