{"id":15608,"date":"2018-07-28T09:31:36","date_gmt":"2018-07-28T07:31:36","guid":{"rendered":"http:\/\/datastorica.agenziacalendario.com\/?p=15608"},"modified":"2018-07-28T08:33:09","modified_gmt":"2018-07-28T06:33:09","slug":"160-anni-fa-a-bordo-di-una-mongolfiera-nadar-scatta-la-prima-foto-aerea-della-storia","status":"publish","type":"post","link":"https:\/\/datastorica.it\/blog\/2018\/07\/28\/160-anni-fa-a-bordo-di-una-mongolfiera-nadar-scatta-la-prima-foto-aerea-della-storia\/","title":{"rendered":"160 anni fa a bordo di una mongolfiera Nadar scatta la prima foto aerea della storia"},"content":{"rendered":"<p>Il 28 luglio 1858 a Parigi (Francia) Gaspar Felix Tournachon detto Nadar scatta la prima foto aerea sulla capitale francese a bordo di un pallone aerostatico appositamente costruito e dotato di vetri oscurati. Tournachon nasce il 5 aprile 1820 a Parigi, pittore, caricaturista, scrittore e fotografo francese, buona parte dell&#8217;opera fotografica di Nadar consiste nei ritratti di celebrit\u00e0 dell&#8217;epoca, come Charles Baudelaire, Gioacchino Rossini, Jules Michelet, Victor Hugo, G\u00e9rard de Nerval e Alphonse Daudet. Nel 1861 \u00e8 anche il primo fotografo a utilizzare la luce artificiale per le fotografie. Nadar muore il 21 marzo 1910 a Parigi.<\/p>\n","protected":false},"excerpt":{"rendered":"<p>Il 28 luglio 1858 a Parigi (Francia) Gaspar Felix Tournachon detto Nadar scatta la prima foto aerea sulla capitale francese a bordo di un pallone aerostatico appositamente costruito e dotato di vetri oscurati. Tournachon nasce il 5 aprile 1820 a Parigi, pittore, caricaturista, scrittore e fotografo francese, buona parte dell&#8217;opera fotografica di Nadar consiste nei [&hellip;]<\/p>\n","protected":false},"author":1,"featured_media":0,"comment_status":"open","ping_status":"open","sticky":false,"template":"","format":"standard","meta":{"footnotes":""},"categories":[],"tags":[],"class_list":["post-15608","post","type-post","status-publish","format-standard","hentry"],"_links":{"self":[{"href":"https:\/\/datastorica.it\/blog\/wp-json\/wp\/v2\/posts\/15608","targetHints":{"allow":["GET"]}}],"collection":[{"href":"https:\/\/datastorica.it\/blog\/wp-json\/wp\/v2\/posts"}],"about":[{"href":"https:\/\/datastorica.it\/blog\/wp-json\/wp\/v2\/types\/post"}],"author":[{"embeddable":true,"href":"https:\/\/datastorica.it\/blog\/wp-json\/wp\/v2\/users\/1"}],"replies":[{"embeddable":true,"href":"https:\/\/datastorica.it\/blog\/wp-json\/wp\/v2\/comments?post=15608"}],"version-history":[{"count":1,"href":"https:\/\/datastorica.it\/blog\/wp-json\/wp\/v2\/posts\/15608\/revisions"}],"predecessor-version":[{"id":15609,"href":"https:\/\/datastorica.it\/blog\/wp-json\/wp\/v2\/posts\/15608\/revisions\/15609"}],"wp:attachment":[{"href":"https:\/\/datastorica.it\/blog\/wp-json\/wp\/v2\/media?parent=15608"}],"wp:term":[{"taxonomy":"category","embeddable":true,"href":"https:\/\/datastorica.it\/blog\/wp-json\/wp\/v2\/categories?post=15608"},{"taxonomy":"post_tag","embeddable":true,"href":"https:\/\/datastorica.it\/blog\/wp-json\/wp\/v2\/tags?post=15608"}],"curies":[{"name":"wp","href":"https:\/\/api.w.org\/{rel}","templated":true}]}}