{"id":15663,"date":"2018-08-01T14:10:22","date_gmt":"2018-08-01T12:10:22","guid":{"rendered":"http:\/\/datastorica.agenziacalendario.com\/?p=15663"},"modified":"2018-08-01T10:11:39","modified_gmt":"2018-08-01T08:11:39","slug":"dieci-anni-fa-ucciso-il-generale-mohammed-suleiman-consigliere-del-presidente-assad","status":"publish","type":"post","link":"https:\/\/datastorica.it\/blog\/2018\/08\/01\/dieci-anni-fa-ucciso-il-generale-mohammed-suleiman-consigliere-del-presidente-assad\/","title":{"rendered":"Dieci anni fa ucciso il generale Mohammed Suleiman, consigliere del Presidente Assad"},"content":{"rendered":"<p>L&#8217; 1 agosto 2008 a Tartous (Siria) il generale Mohammed Suleiman \u00e8 ucciso da un cecchino, proprio mentre il presidente siriano Bashar el Assad \u00e8 in Iran. Mohammed Suleiman \u00e8 uno dei consiglieri di Assad che mantiene i rapporti con l&#8217;Hezbollah, la milizia filo-iraniana padrona del Libano.<\/p>\n","protected":false},"excerpt":{"rendered":"<p>L&#8217; 1 agosto 2008 a Tartous (Siria) il generale Mohammed Suleiman \u00e8 ucciso da un cecchino, proprio mentre il presidente siriano Bashar el Assad \u00e8 in Iran. Mohammed Suleiman \u00e8 uno dei consiglieri di Assad che mantiene i rapporti con l&#8217;Hezbollah, la milizia filo-iraniana padrona del Libano.<\/p>\n","protected":false},"author":1,"featured_media":0,"comment_status":"open","ping_status":"open","sticky":false,"template":"","format":"standard","meta":{"footnotes":""},"categories":[],"tags":[],"class_list":["post-15663","post","type-post","status-publish","format-standard","hentry"],"_links":{"self":[{"href":"https:\/\/datastorica.it\/blog\/wp-json\/wp\/v2\/posts\/15663","targetHints":{"allow":["GET"]}}],"collection":[{"href":"https:\/\/datastorica.it\/blog\/wp-json\/wp\/v2\/posts"}],"about":[{"href":"https:\/\/datastorica.it\/blog\/wp-json\/wp\/v2\/types\/post"}],"author":[{"embeddable":true,"href":"https:\/\/datastorica.it\/blog\/wp-json\/wp\/v2\/users\/1"}],"replies":[{"embeddable":true,"href":"https:\/\/datastorica.it\/blog\/wp-json\/wp\/v2\/comments?post=15663"}],"version-history":[{"count":1,"href":"https:\/\/datastorica.it\/blog\/wp-json\/wp\/v2\/posts\/15663\/revisions"}],"predecessor-version":[{"id":15664,"href":"https:\/\/datastorica.it\/blog\/wp-json\/wp\/v2\/posts\/15663\/revisions\/15664"}],"wp:attachment":[{"href":"https:\/\/datastorica.it\/blog\/wp-json\/wp\/v2\/media?parent=15663"}],"wp:term":[{"taxonomy":"category","embeddable":true,"href":"https:\/\/datastorica.it\/blog\/wp-json\/wp\/v2\/categories?post=15663"},{"taxonomy":"post_tag","embeddable":true,"href":"https:\/\/datastorica.it\/blog\/wp-json\/wp\/v2\/tags?post=15663"}],"curies":[{"name":"wp","href":"https:\/\/api.w.org\/{rel}","templated":true}]}}