{"id":15667,"date":"2018-08-02T09:05:38","date_gmt":"2018-08-02T07:05:38","guid":{"rendered":"http:\/\/datastorica.agenziacalendario.com\/?p=15667"},"modified":"2018-08-01T19:06:49","modified_gmt":"2018-08-01T17:06:49","slug":"150-anni-fa-nasce-costantino-i-re-di-grecia","status":"publish","type":"post","link":"https:\/\/datastorica.it\/blog\/2018\/08\/02\/150-anni-fa-nasce-costantino-i-re-di-grecia\/","title":{"rendered":"150 anni fa nasce Costantino I, re di Grecia"},"content":{"rendered":"<p>Il 2 agosto 1868 nasce ad Atene (Grecia) Costantino I, re di Grecia, succede al padre Giorgio I, quando questi \u00e8 assassinato. Durante la I guerra mondiale \u00e8 in contrasto con il primo ministro Eleutherios Venizelos, favorevole all&#8217;intervento a fianco dell&#8217;Intesa, ed \u00e8 costretto dai francesi ad abdicare. Gli succede il secondogenito Alessandro, alla cui morte \u00e8 richiamato sul trono da un plebiscito, ma \u00e8 poi di nuovo costretto ad abdicare per la sconfitta subita nella guerra con la Turchia. Re Costantino I muore l&#8217;11 gennaio 1923 a Palermo.<\/p>\n","protected":false},"excerpt":{"rendered":"<p>Il 2 agosto 1868 nasce ad Atene (Grecia) Costantino I, re di Grecia, succede al padre Giorgio I, quando questi \u00e8 assassinato. Durante la I guerra mondiale \u00e8 in contrasto con il primo ministro Eleutherios Venizelos, favorevole all&#8217;intervento a fianco dell&#8217;Intesa, ed \u00e8 costretto dai francesi ad abdicare. Gli succede il secondogenito Alessandro, alla cui [&hellip;]<\/p>\n","protected":false},"author":1,"featured_media":0,"comment_status":"open","ping_status":"open","sticky":false,"template":"","format":"standard","meta":{"footnotes":""},"categories":[],"tags":[],"class_list":["post-15667","post","type-post","status-publish","format-standard","hentry"],"_links":{"self":[{"href":"https:\/\/datastorica.it\/blog\/wp-json\/wp\/v2\/posts\/15667","targetHints":{"allow":["GET"]}}],"collection":[{"href":"https:\/\/datastorica.it\/blog\/wp-json\/wp\/v2\/posts"}],"about":[{"href":"https:\/\/datastorica.it\/blog\/wp-json\/wp\/v2\/types\/post"}],"author":[{"embeddable":true,"href":"https:\/\/datastorica.it\/blog\/wp-json\/wp\/v2\/users\/1"}],"replies":[{"embeddable":true,"href":"https:\/\/datastorica.it\/blog\/wp-json\/wp\/v2\/comments?post=15667"}],"version-history":[{"count":1,"href":"https:\/\/datastorica.it\/blog\/wp-json\/wp\/v2\/posts\/15667\/revisions"}],"predecessor-version":[{"id":15668,"href":"https:\/\/datastorica.it\/blog\/wp-json\/wp\/v2\/posts\/15667\/revisions\/15668"}],"wp:attachment":[{"href":"https:\/\/datastorica.it\/blog\/wp-json\/wp\/v2\/media?parent=15667"}],"wp:term":[{"taxonomy":"category","embeddable":true,"href":"https:\/\/datastorica.it\/blog\/wp-json\/wp\/v2\/categories?post=15667"},{"taxonomy":"post_tag","embeddable":true,"href":"https:\/\/datastorica.it\/blog\/wp-json\/wp\/v2\/tags?post=15667"}],"curies":[{"name":"wp","href":"https:\/\/api.w.org\/{rel}","templated":true}]}}