{"id":15671,"date":"2018-08-02T11:09:04","date_gmt":"2018-08-02T09:09:04","guid":{"rendered":"http:\/\/datastorica.agenziacalendario.com\/?p=15671"},"modified":"2018-08-01T19:10:51","modified_gmt":"2018-08-01T17:10:51","slug":"60-anni-fa-muore-il-capo-mafioso-michele-navarra-trucidato-da-liggio","status":"publish","type":"post","link":"https:\/\/datastorica.it\/blog\/2018\/08\/02\/60-anni-fa-muore-il-capo-mafioso-michele-navarra-trucidato-da-liggio\/","title":{"rendered":"60 anni fa muore il capo mafioso Michele Navarra, trucidato da Liggio"},"content":{"rendered":"<p>Il 2 agosto 1958 sulla strada di ritorno da Prizzi a Corleone(Palermo) Michele Navarra \u00e8 massacrato mentre \u00e8 alla guida della sua 1100 Fiat nera: il delitto \u00e8 opera di Luciano Liggio, scampato ad un attentato organizzato dallo stesso Navarra. Navarra nasce il 5 gennaio 1905 a Corleone (Palermo) e per anni il boss dei Corleonesi. Tra i suoi crimini pi\u00f9 efferati, l&#8217;uccisione con un&#8217;iniezione d&#8217;aria di Giuseppe Letizia, un pastore di 13 anni, unico testimone oculare del rapimento e dell&#8217;uccisione di Placido Rizzotto, il sindacalista eliminato da Luciano Liggio, all&#8217;epoca affiliato a Navarra.<\/p>\n","protected":false},"excerpt":{"rendered":"<p>Il 2 agosto 1958 sulla strada di ritorno da Prizzi a Corleone(Palermo) Michele Navarra \u00e8 massacrato mentre \u00e8 alla guida della sua 1100 Fiat nera: il delitto \u00e8 opera di Luciano Liggio, scampato ad un attentato organizzato dallo stesso Navarra. Navarra nasce il 5 gennaio 1905 a Corleone (Palermo) e per anni il boss dei [&hellip;]<\/p>\n","protected":false},"author":1,"featured_media":0,"comment_status":"open","ping_status":"open","sticky":false,"template":"","format":"standard","meta":{"footnotes":""},"categories":[],"tags":[],"class_list":["post-15671","post","type-post","status-publish","format-standard","hentry"],"_links":{"self":[{"href":"https:\/\/datastorica.it\/blog\/wp-json\/wp\/v2\/posts\/15671","targetHints":{"allow":["GET"]}}],"collection":[{"href":"https:\/\/datastorica.it\/blog\/wp-json\/wp\/v2\/posts"}],"about":[{"href":"https:\/\/datastorica.it\/blog\/wp-json\/wp\/v2\/types\/post"}],"author":[{"embeddable":true,"href":"https:\/\/datastorica.it\/blog\/wp-json\/wp\/v2\/users\/1"}],"replies":[{"embeddable":true,"href":"https:\/\/datastorica.it\/blog\/wp-json\/wp\/v2\/comments?post=15671"}],"version-history":[{"count":1,"href":"https:\/\/datastorica.it\/blog\/wp-json\/wp\/v2\/posts\/15671\/revisions"}],"predecessor-version":[{"id":15672,"href":"https:\/\/datastorica.it\/blog\/wp-json\/wp\/v2\/posts\/15671\/revisions\/15672"}],"wp:attachment":[{"href":"https:\/\/datastorica.it\/blog\/wp-json\/wp\/v2\/media?parent=15671"}],"wp:term":[{"taxonomy":"category","embeddable":true,"href":"https:\/\/datastorica.it\/blog\/wp-json\/wp\/v2\/categories?post=15671"},{"taxonomy":"post_tag","embeddable":true,"href":"https:\/\/datastorica.it\/blog\/wp-json\/wp\/v2\/tags?post=15671"}],"curies":[{"name":"wp","href":"https:\/\/api.w.org\/{rel}","templated":true}]}}