{"id":15689,"date":"2018-08-03T09:01:09","date_gmt":"2018-08-03T07:01:09","guid":{"rendered":"http:\/\/datastorica.agenziacalendario.com\/?p=15689"},"modified":"2018-08-03T09:01:09","modified_gmt":"2018-08-03T07:01:09","slug":"240-anni-fa-il-teatro-alla-scala-inaugurato-con-lopera-leuropa-riconosciuta-di-salieri","status":"publish","type":"post","link":"https:\/\/datastorica.it\/blog\/2018\/08\/03\/240-anni-fa-il-teatro-alla-scala-inaugurato-con-lopera-leuropa-riconosciuta-di-salieri\/","title":{"rendered":"240 anni fa il Teatro alla Scala inaugurato con l&#8217;opera &#8220;L&#8217;Europa riconosciuta&#8221; di Salieri"},"content":{"rendered":"<p>Il 3 agosto 1778 inaugurato a Milano il &#8220;Teatro alla Scala&#8221; con &#8220;Europa riconosciuta&#8221; di Antonio Salieri e rivela la perfetta acustica. Costruito per volere di Maria Teresa d&#8217;Austria sulle ceneri del vecchio Teatro Ducale distrutto da un incendio nel 1776, \u00e8 progettato dall&#8217;architetto Giuseppe Piermarini sul luogo ove prima sorgeva la basilica di Santa Maria alla Scala (XIV secolo). Nel 1830 l&#8217;originale decorazione policroma \u00e8 sostituita con quella neoclassica; nel 1883 \u00e8 adottata, per la prima volta in un teatro, l&#8217;illuminazione elettrica; nel 1907 \u00e8 costruita la buca per l&#8217;orchestra; nel 1921 (anno in cui diventa ente autonomo) sono sistemati pi\u00f9 razionalmente i servizi di scena. Dopo i bombardamenti subiti nel 1943, dai quali si salva soltanto il palcoscenico, la Scala \u00e8 ricostruita e inaugurata nel 1946 con un concerto diretto da Arturo Toscanini.<\/p>\n","protected":false},"excerpt":{"rendered":"<p>Il 3 agosto 1778 inaugurato a Milano il &#8220;Teatro alla Scala&#8221; con &#8220;Europa riconosciuta&#8221; di Antonio Salieri e rivela la perfetta acustica. Costruito per volere di Maria Teresa d&#8217;Austria sulle ceneri del vecchio Teatro Ducale distrutto da un incendio nel 1776, \u00e8 progettato dall&#8217;architetto Giuseppe Piermarini sul luogo ove prima sorgeva la basilica di Santa [&hellip;]<\/p>\n","protected":false},"author":1,"featured_media":0,"comment_status":"open","ping_status":"open","sticky":false,"template":"","format":"standard","meta":{"footnotes":""},"categories":[],"tags":[],"class_list":["post-15689","post","type-post","status-publish","format-standard","hentry"],"_links":{"self":[{"href":"https:\/\/datastorica.it\/blog\/wp-json\/wp\/v2\/posts\/15689","targetHints":{"allow":["GET"]}}],"collection":[{"href":"https:\/\/datastorica.it\/blog\/wp-json\/wp\/v2\/posts"}],"about":[{"href":"https:\/\/datastorica.it\/blog\/wp-json\/wp\/v2\/types\/post"}],"author":[{"embeddable":true,"href":"https:\/\/datastorica.it\/blog\/wp-json\/wp\/v2\/users\/1"}],"replies":[{"embeddable":true,"href":"https:\/\/datastorica.it\/blog\/wp-json\/wp\/v2\/comments?post=15689"}],"version-history":[{"count":1,"href":"https:\/\/datastorica.it\/blog\/wp-json\/wp\/v2\/posts\/15689\/revisions"}],"predecessor-version":[{"id":15690,"href":"https:\/\/datastorica.it\/blog\/wp-json\/wp\/v2\/posts\/15689\/revisions\/15690"}],"wp:attachment":[{"href":"https:\/\/datastorica.it\/blog\/wp-json\/wp\/v2\/media?parent=15689"}],"wp:term":[{"taxonomy":"category","embeddable":true,"href":"https:\/\/datastorica.it\/blog\/wp-json\/wp\/v2\/categories?post=15689"},{"taxonomy":"post_tag","embeddable":true,"href":"https:\/\/datastorica.it\/blog\/wp-json\/wp\/v2\/tags?post=15689"}],"curies":[{"name":"wp","href":"https:\/\/api.w.org\/{rel}","templated":true}]}}