{"id":15695,"date":"2018-08-03T10:35:07","date_gmt":"2018-08-03T08:35:07","guid":{"rendered":"http:\/\/datastorica.agenziacalendario.com\/?p=15695"},"modified":"2018-08-03T09:06:22","modified_gmt":"2018-08-03T07:06:22","slug":"90-anni-fa-nasce-lattrice-cecile-aubry-manon-nel-film-di-clouzot","status":"publish","type":"post","link":"https:\/\/datastorica.it\/blog\/2018\/08\/03\/90-anni-fa-nasce-lattrice-cecile-aubry-manon-nel-film-di-clouzot\/","title":{"rendered":"90 anni fa nasce l&#8217;attrice Cecile Aubry, Manon nel film di Clouzot"},"content":{"rendered":"<p>Il 3 agosto 1928 nasce a Parigi (Francia) l&#8217;attrice Anne-Jos\u00e9 Madeleine Henriette B\u00e9bard, pi\u00f9 nota con il nome d&#8217;arte di Cecile Aubry: caratterizzata da un fisico minuto e da un volto inquietante, \u00e8 una Manon ideale nel film omonimo di Henry-George Clouzot (1949). Nel 1961 la Aubry passa alla regia di racconti televisivi, interpretati dal figlio. Nel 1977 scrive il romanzo &#8220;Je n&#8217;avais pas pens\u00e9 \u00e0 toi&#8221;, dedicandosi poi alla letteratura per ragazzi. La Aubry muore il 19 luglio 2010 a Dourdan (Francia).<\/p>\n","protected":false},"excerpt":{"rendered":"<p>Il 3 agosto 1928 nasce a Parigi (Francia) l&#8217;attrice Anne-Jos\u00e9 Madeleine Henriette B\u00e9bard, pi\u00f9 nota con il nome d&#8217;arte di Cecile Aubry: caratterizzata da un fisico minuto e da un volto inquietante, \u00e8 una Manon ideale nel film omonimo di Henry-George Clouzot (1949). Nel 1961 la Aubry passa alla regia di racconti televisivi, interpretati dal [&hellip;]<\/p>\n","protected":false},"author":1,"featured_media":0,"comment_status":"open","ping_status":"open","sticky":false,"template":"","format":"standard","meta":{"footnotes":""},"categories":[],"tags":[],"class_list":["post-15695","post","type-post","status-publish","format-standard","hentry"],"_links":{"self":[{"href":"https:\/\/datastorica.it\/blog\/wp-json\/wp\/v2\/posts\/15695","targetHints":{"allow":["GET"]}}],"collection":[{"href":"https:\/\/datastorica.it\/blog\/wp-json\/wp\/v2\/posts"}],"about":[{"href":"https:\/\/datastorica.it\/blog\/wp-json\/wp\/v2\/types\/post"}],"author":[{"embeddable":true,"href":"https:\/\/datastorica.it\/blog\/wp-json\/wp\/v2\/users\/1"}],"replies":[{"embeddable":true,"href":"https:\/\/datastorica.it\/blog\/wp-json\/wp\/v2\/comments?post=15695"}],"version-history":[{"count":1,"href":"https:\/\/datastorica.it\/blog\/wp-json\/wp\/v2\/posts\/15695\/revisions"}],"predecessor-version":[{"id":15696,"href":"https:\/\/datastorica.it\/blog\/wp-json\/wp\/v2\/posts\/15695\/revisions\/15696"}],"wp:attachment":[{"href":"https:\/\/datastorica.it\/blog\/wp-json\/wp\/v2\/media?parent=15695"}],"wp:term":[{"taxonomy":"category","embeddable":true,"href":"https:\/\/datastorica.it\/blog\/wp-json\/wp\/v2\/categories?post=15695"},{"taxonomy":"post_tag","embeddable":true,"href":"https:\/\/datastorica.it\/blog\/wp-json\/wp\/v2\/tags?post=15695"}],"curies":[{"name":"wp","href":"https:\/\/api.w.org\/{rel}","templated":true}]}}