{"id":15722,"date":"2018-08-04T09:43:04","date_gmt":"2018-08-04T07:43:04","guid":{"rendered":"http:\/\/datastorica.agenziacalendario.com\/?p=15722"},"modified":"2018-08-04T08:54:54","modified_gmt":"2018-08-04T06:54:54","slug":"70-anni-fa-nasce-il-manager-massimo-sarmi-amministratore-delegato-di-poste-italiane","status":"publish","type":"post","link":"https:\/\/datastorica.it\/blog\/2018\/08\/04\/70-anni-fa-nasce-il-manager-massimo-sarmi-amministratore-delegato-di-poste-italiane\/","title":{"rendered":"70 anni fa nasce il manager Massimo Sarmi, amministratore delegato di Poste italiane"},"content":{"rendered":"<p>Il 4 agosto 1948 nasce a Malcesine (Verona) il manager Massimo Sarmi. Laureato in ingegneria elettronica, dopo un periodo all&#8217;Aeronautica Militare inizia a lavorare per la Sip (oggi Telecom Italia). Nel 1995 \u00e8 direttore generale della Tim e in seguito \u00e8 co-direttore per la capogruppo Telecom Italia. Nel 2001 \u00e8 amministratore delegato di Siemens Italia e, dal 7 maggio 2002, \u00e8 a capo di Poste Italiane come amministratore delegato fino al 7 maggio 2014. Da ottobre 2014 \u00e8 Amministratore Delegato della concessionaria autostradale Milano Serravalle &#8211; Milano Tangenziali S.p.A. fino al luglio 2016 e da giugno 2015 \u00e8 Presidente della concessionaria autostradale Autostrada Pedemontana Lombarda S.p.A..<\/p>\n","protected":false},"excerpt":{"rendered":"<p>Il 4 agosto 1948 nasce a Malcesine (Verona) il manager Massimo Sarmi. Laureato in ingegneria elettronica, dopo un periodo all&#8217;Aeronautica Militare inizia a lavorare per la Sip (oggi Telecom Italia). Nel 1995 \u00e8 direttore generale della Tim e in seguito \u00e8 co-direttore per la capogruppo Telecom Italia. Nel 2001 \u00e8 amministratore delegato di Siemens Italia [&hellip;]<\/p>\n","protected":false},"author":1,"featured_media":0,"comment_status":"open","ping_status":"open","sticky":false,"template":"","format":"standard","meta":{"footnotes":""},"categories":[],"tags":[],"class_list":["post-15722","post","type-post","status-publish","format-standard","hentry"],"_links":{"self":[{"href":"https:\/\/datastorica.it\/blog\/wp-json\/wp\/v2\/posts\/15722","targetHints":{"allow":["GET"]}}],"collection":[{"href":"https:\/\/datastorica.it\/blog\/wp-json\/wp\/v2\/posts"}],"about":[{"href":"https:\/\/datastorica.it\/blog\/wp-json\/wp\/v2\/types\/post"}],"author":[{"embeddable":true,"href":"https:\/\/datastorica.it\/blog\/wp-json\/wp\/v2\/users\/1"}],"replies":[{"embeddable":true,"href":"https:\/\/datastorica.it\/blog\/wp-json\/wp\/v2\/comments?post=15722"}],"version-history":[{"count":1,"href":"https:\/\/datastorica.it\/blog\/wp-json\/wp\/v2\/posts\/15722\/revisions"}],"predecessor-version":[{"id":15723,"href":"https:\/\/datastorica.it\/blog\/wp-json\/wp\/v2\/posts\/15722\/revisions\/15723"}],"wp:attachment":[{"href":"https:\/\/datastorica.it\/blog\/wp-json\/wp\/v2\/media?parent=15722"}],"wp:term":[{"taxonomy":"category","embeddable":true,"href":"https:\/\/datastorica.it\/blog\/wp-json\/wp\/v2\/categories?post=15722"},{"taxonomy":"post_tag","embeddable":true,"href":"https:\/\/datastorica.it\/blog\/wp-json\/wp\/v2\/tags?post=15722"}],"curies":[{"name":"wp","href":"https:\/\/api.w.org\/{rel}","templated":true}]}}