{"id":15750,"date":"2018-08-05T12:18:56","date_gmt":"2018-08-05T10:18:56","guid":{"rendered":"http:\/\/datastorica.agenziacalendario.com\/?p=15750"},"modified":"2018-08-05T09:40:28","modified_gmt":"2018-08-05T07:40:28","slug":"50-anni-fa-nasce-la-politica-marine-le-pen-leader-della-destra","status":"publish","type":"post","link":"https:\/\/datastorica.it\/blog\/2018\/08\/05\/50-anni-fa-nasce-la-politica-marine-le-pen-leader-della-destra\/","title":{"rendered":"50 anni fa nasce la politica Marine Le Pen, leader della destra"},"content":{"rendered":"<p>Il 5 agosto 1968 nasce a Neully-sur-Seine (Francia) Marion Anne Perrine Le Pen che, con il nome di Marine, \u00e8 presidente del Raggruppamento Nazionale dal 16 gennaio 2011 e deputata all&#8217;Assemblea nazionale francese dal 20 giugno 2017. Inoltre \u00e8 europarlamentare dal 2004 al 2017. Laureata in giurisprudenza, avvocato, Marine Le Pen \u00e8 la terzogenita di Jean-Marie Le Pen, fondatore del Front Nationale. Nel marzo 2018 \u00e8 l&#8217;unica candidata alla presidenza del Front National e viene di conseguenza rieletta con il 100% dei voti.<\/p>\n","protected":false},"excerpt":{"rendered":"<p>Il 5 agosto 1968 nasce a Neully-sur-Seine (Francia) Marion Anne Perrine Le Pen che, con il nome di Marine, \u00e8 presidente del Raggruppamento Nazionale dal 16 gennaio 2011 e deputata all&#8217;Assemblea nazionale francese dal 20 giugno 2017. Inoltre \u00e8 europarlamentare dal 2004 al 2017. Laureata in giurisprudenza, avvocato, Marine Le Pen \u00e8 la terzogenita di [&hellip;]<\/p>\n","protected":false},"author":1,"featured_media":0,"comment_status":"open","ping_status":"open","sticky":false,"template":"","format":"standard","meta":{"footnotes":""},"categories":[],"tags":[],"class_list":["post-15750","post","type-post","status-publish","format-standard","hentry"],"_links":{"self":[{"href":"https:\/\/datastorica.it\/blog\/wp-json\/wp\/v2\/posts\/15750","targetHints":{"allow":["GET"]}}],"collection":[{"href":"https:\/\/datastorica.it\/blog\/wp-json\/wp\/v2\/posts"}],"about":[{"href":"https:\/\/datastorica.it\/blog\/wp-json\/wp\/v2\/types\/post"}],"author":[{"embeddable":true,"href":"https:\/\/datastorica.it\/blog\/wp-json\/wp\/v2\/users\/1"}],"replies":[{"embeddable":true,"href":"https:\/\/datastorica.it\/blog\/wp-json\/wp\/v2\/comments?post=15750"}],"version-history":[{"count":1,"href":"https:\/\/datastorica.it\/blog\/wp-json\/wp\/v2\/posts\/15750\/revisions"}],"predecessor-version":[{"id":15751,"href":"https:\/\/datastorica.it\/blog\/wp-json\/wp\/v2\/posts\/15750\/revisions\/15751"}],"wp:attachment":[{"href":"https:\/\/datastorica.it\/blog\/wp-json\/wp\/v2\/media?parent=15750"}],"wp:term":[{"taxonomy":"category","embeddable":true,"href":"https:\/\/datastorica.it\/blog\/wp-json\/wp\/v2\/categories?post=15750"},{"taxonomy":"post_tag","embeddable":true,"href":"https:\/\/datastorica.it\/blog\/wp-json\/wp\/v2\/tags?post=15750"}],"curies":[{"name":"wp","href":"https:\/\/api.w.org\/{rel}","templated":true}]}}