{"id":15846,"date":"2018-08-09T13:00:32","date_gmt":"2018-08-09T11:00:32","guid":{"rendered":"http:\/\/datastorica.agenziacalendario.com\/?p=15846"},"modified":"2018-08-09T09:04:04","modified_gmt":"2018-08-09T07:04:04","slug":"20-anni-fa-la-denuncia-di-zeman-da-il-via-allo-scandalo-doping-nel-mondo-del-calcio","status":"publish","type":"post","link":"https:\/\/datastorica.it\/blog\/2018\/08\/09\/20-anni-fa-la-denuncia-di-zeman-da-il-via-allo-scandalo-doping-nel-mondo-del-calcio\/","title":{"rendered":"20 anni fa la denuncia di Zeman d\u00e0 il via allo scandalo doping nel mondo del calcio"},"content":{"rendered":"<p>Il 9 agosto 1998 a Torino il procuratore aggiunto Raffaele Guariniello apre un&#8217;inchiesta in seguito alle dichiarazioni di Zdenek Zeman. L&#8217;allenatore della Roma, nel corso di un&#8217;intervista, aveva detto: &#8220;Il calcio deve uscire dalle farmacie&#8221;. Il 14 agosto Alessandro Del Piero apre la lunghissima serie di calciatori interrogati da Guariniello. Il 22 agosto toccher\u00e0 a Ronaldo. Sentiti anche medici sportivi, allenatori, dirigenti: il primo testimone \u00e8 il presidente del Coni Mario Pescante. Il 29 agosto la Juventus \u00e8 formalmente coinvolta nell&#8217; inchiesta: sono sequestrate le cartelle cliniche dei giocatori bianconeri. Guariniello scopre gravissime carenze nel sistema dei controlli antidoping. Il 29 maggio 2000, ricevuta dai propri consulenti la perizia sull&#8217;uso dei farmaci alla Juventus, la procura chiuder\u00e0 l&#8217;inchiesta: sono indagati l&#8217;amministratore delegato Giraudo e il medico Riccardo Agricola. Condannati in primo grado, il 14 dicembre 2005 il medico della Juventus Riccardo Agricola e l&#8217;amministratore delegato Antonio Giraudo saranno assolti dall&#8217;accusa di frode sportiva al processo d&#8217;appello.<\/p>\n","protected":false},"excerpt":{"rendered":"<p>Il 9 agosto 1998 a Torino il procuratore aggiunto Raffaele Guariniello apre un&#8217;inchiesta in seguito alle dichiarazioni di Zdenek Zeman. L&#8217;allenatore della Roma, nel corso di un&#8217;intervista, aveva detto: &#8220;Il calcio deve uscire dalle farmacie&#8221;. Il 14 agosto Alessandro Del Piero apre la lunghissima serie di calciatori interrogati da Guariniello. Il 22 agosto toccher\u00e0 a [&hellip;]<\/p>\n","protected":false},"author":1,"featured_media":0,"comment_status":"open","ping_status":"open","sticky":false,"template":"","format":"standard","meta":{"footnotes":""},"categories":[],"tags":[],"class_list":["post-15846","post","type-post","status-publish","format-standard","hentry"],"_links":{"self":[{"href":"https:\/\/datastorica.it\/blog\/wp-json\/wp\/v2\/posts\/15846","targetHints":{"allow":["GET"]}}],"collection":[{"href":"https:\/\/datastorica.it\/blog\/wp-json\/wp\/v2\/posts"}],"about":[{"href":"https:\/\/datastorica.it\/blog\/wp-json\/wp\/v2\/types\/post"}],"author":[{"embeddable":true,"href":"https:\/\/datastorica.it\/blog\/wp-json\/wp\/v2\/users\/1"}],"replies":[{"embeddable":true,"href":"https:\/\/datastorica.it\/blog\/wp-json\/wp\/v2\/comments?post=15846"}],"version-history":[{"count":1,"href":"https:\/\/datastorica.it\/blog\/wp-json\/wp\/v2\/posts\/15846\/revisions"}],"predecessor-version":[{"id":15847,"href":"https:\/\/datastorica.it\/blog\/wp-json\/wp\/v2\/posts\/15846\/revisions\/15847"}],"wp:attachment":[{"href":"https:\/\/datastorica.it\/blog\/wp-json\/wp\/v2\/media?parent=15846"}],"wp:term":[{"taxonomy":"category","embeddable":true,"href":"https:\/\/datastorica.it\/blog\/wp-json\/wp\/v2\/categories?post=15846"},{"taxonomy":"post_tag","embeddable":true,"href":"https:\/\/datastorica.it\/blog\/wp-json\/wp\/v2\/tags?post=15846"}],"curies":[{"name":"wp","href":"https:\/\/api.w.org\/{rel}","templated":true}]}}