{"id":15855,"date":"2018-08-10T09:00:32","date_gmt":"2018-08-10T07:00:32","guid":{"rendered":"http:\/\/datastorica.agenziacalendario.com\/?p=15855"},"modified":"2018-08-09T17:13:30","modified_gmt":"2018-08-09T15:13:30","slug":"130-anni-fa-muore-lo-scienziato-e-poeta-charles-cros-inventa-la-fotografia-a-colori","status":"publish","type":"post","link":"https:\/\/datastorica.it\/blog\/2018\/08\/10\/130-anni-fa-muore-lo-scienziato-e-poeta-charles-cros-inventa-la-fotografia-a-colori\/","title":{"rendered":"130 anni fa muore lo scienziato e poeta Charles Cros, inventa la fotografia a colori"},"content":{"rendered":"<p>Il 10 agosto 1888 muore a Parigi (Francia) lo scienziato e poeta Charles Cros, nel 1869 scopre, contemporaneamente a Louis Ducos du Hauron, il procedimento della selezione fotografica dei colori e nel 1877 presenta all&#8217;Accademia delle Scienze di Parigi la descrizione di un apparecchio per la registrazione e riproduzione del suono che chiama pal\u00e9ophone. Cros nasce l&#8217;1 ottobre 1842 a Fabrezan (Francia), conduce una vita da boh\u00e9mien, frequentando cabaret con Verlaine, Rimbaud, Copp\u00e9e e scrivendo versi umoristici e fantasiosi.<\/p>\n","protected":false},"excerpt":{"rendered":"<p>Il 10 agosto 1888 muore a Parigi (Francia) lo scienziato e poeta Charles Cros, nel 1869 scopre, contemporaneamente a Louis Ducos du Hauron, il procedimento della selezione fotografica dei colori e nel 1877 presenta all&#8217;Accademia delle Scienze di Parigi la descrizione di un apparecchio per la registrazione e riproduzione del suono che chiama pal\u00e9ophone. Cros [&hellip;]<\/p>\n","protected":false},"author":1,"featured_media":0,"comment_status":"open","ping_status":"open","sticky":false,"template":"","format":"standard","meta":{"footnotes":""},"categories":[],"tags":[],"class_list":["post-15855","post","type-post","status-publish","format-standard","hentry"],"_links":{"self":[{"href":"https:\/\/datastorica.it\/blog\/wp-json\/wp\/v2\/posts\/15855","targetHints":{"allow":["GET"]}}],"collection":[{"href":"https:\/\/datastorica.it\/blog\/wp-json\/wp\/v2\/posts"}],"about":[{"href":"https:\/\/datastorica.it\/blog\/wp-json\/wp\/v2\/types\/post"}],"author":[{"embeddable":true,"href":"https:\/\/datastorica.it\/blog\/wp-json\/wp\/v2\/users\/1"}],"replies":[{"embeddable":true,"href":"https:\/\/datastorica.it\/blog\/wp-json\/wp\/v2\/comments?post=15855"}],"version-history":[{"count":1,"href":"https:\/\/datastorica.it\/blog\/wp-json\/wp\/v2\/posts\/15855\/revisions"}],"predecessor-version":[{"id":15856,"href":"https:\/\/datastorica.it\/blog\/wp-json\/wp\/v2\/posts\/15855\/revisions\/15856"}],"wp:attachment":[{"href":"https:\/\/datastorica.it\/blog\/wp-json\/wp\/v2\/media?parent=15855"}],"wp:term":[{"taxonomy":"category","embeddable":true,"href":"https:\/\/datastorica.it\/blog\/wp-json\/wp\/v2\/categories?post=15855"},{"taxonomy":"post_tag","embeddable":true,"href":"https:\/\/datastorica.it\/blog\/wp-json\/wp\/v2\/tags?post=15855"}],"curies":[{"name":"wp","href":"https:\/\/api.w.org\/{rel}","templated":true}]}}