{"id":15859,"date":"2018-08-10T10:30:22","date_gmt":"2018-08-10T08:30:22","guid":{"rendered":"http:\/\/datastorica.agenziacalendario.com\/?p=15859"},"modified":"2018-08-09T17:19:54","modified_gmt":"2018-08-09T15:19:54","slug":"50-anni-fa-nasce-il-cabarettista-e-scrittore-cristiano-militello","status":"publish","type":"post","link":"https:\/\/datastorica.it\/blog\/2018\/08\/10\/50-anni-fa-nasce-il-cabarettista-e-scrittore-cristiano-militello\/","title":{"rendered":"50 anni fa nasce il cabarettista e scrittore Cristiano Militello"},"content":{"rendered":"<p>Il 10 agosto 1968 nasce a Pisa il comico, giornalista e personaggio televisivo Cristiano Militello, guadagna notoriet\u00e0 raccogliendo, in vari libri, gli striscioni calcistici pi\u00f9 divertenti degli stadi italiani. Il successo del primo libro, lo porta ad essere inviato fuori dagli impianti per conto del TG satirico di Canale 5 Striscia la notizia. Qui dal 2004, nella rubrica Striscia lo Striscione, assembla e commenta le immagini pi\u00f9 divertenti delle curve e dei campi italiani, intervallate da interviste ai tifosi prima e dopo la partita; il segmento \u00e8 uno dei pi\u00f9 seguiti del panorama televisivo nazionale. Militello conduce con Valerio Staffelli alcune puntate di Striscia la domenica. Nell&#8217;aprile 2010 fatto parte del cast comico di Voglia d&#8217;aria fresca, show condotto da Carlo Conti su Rai 1. Nel 2011 prende parte al film Box Office 3D &#8211; Il film dei film. Nel 2014 fa parte del cast di Giass, programma comico di Luca e Paolo.\u00a0In radio tutte le mattine su R101 conduce &#8220;La banda di 101&#8221;, un morning show con Paolo Dini e Lester.<\/p>\n","protected":false},"excerpt":{"rendered":"<p>Il 10 agosto 1968 nasce a Pisa il comico, giornalista e personaggio televisivo Cristiano Militello, guadagna notoriet\u00e0 raccogliendo, in vari libri, gli striscioni calcistici pi\u00f9 divertenti degli stadi italiani. Il successo del primo libro, lo porta ad essere inviato fuori dagli impianti per conto del TG satirico di Canale 5 Striscia la notizia. Qui dal [&hellip;]<\/p>\n","protected":false},"author":1,"featured_media":0,"comment_status":"open","ping_status":"open","sticky":false,"template":"","format":"standard","meta":{"footnotes":""},"categories":[],"tags":[],"class_list":["post-15859","post","type-post","status-publish","format-standard","hentry"],"_links":{"self":[{"href":"https:\/\/datastorica.it\/blog\/wp-json\/wp\/v2\/posts\/15859","targetHints":{"allow":["GET"]}}],"collection":[{"href":"https:\/\/datastorica.it\/blog\/wp-json\/wp\/v2\/posts"}],"about":[{"href":"https:\/\/datastorica.it\/blog\/wp-json\/wp\/v2\/types\/post"}],"author":[{"embeddable":true,"href":"https:\/\/datastorica.it\/blog\/wp-json\/wp\/v2\/users\/1"}],"replies":[{"embeddable":true,"href":"https:\/\/datastorica.it\/blog\/wp-json\/wp\/v2\/comments?post=15859"}],"version-history":[{"count":1,"href":"https:\/\/datastorica.it\/blog\/wp-json\/wp\/v2\/posts\/15859\/revisions"}],"predecessor-version":[{"id":15860,"href":"https:\/\/datastorica.it\/blog\/wp-json\/wp\/v2\/posts\/15859\/revisions\/15860"}],"wp:attachment":[{"href":"https:\/\/datastorica.it\/blog\/wp-json\/wp\/v2\/media?parent=15859"}],"wp:term":[{"taxonomy":"category","embeddable":true,"href":"https:\/\/datastorica.it\/blog\/wp-json\/wp\/v2\/categories?post=15859"},{"taxonomy":"post_tag","embeddable":true,"href":"https:\/\/datastorica.it\/blog\/wp-json\/wp\/v2\/tags?post=15859"}],"curies":[{"name":"wp","href":"https:\/\/api.w.org\/{rel}","templated":true}]}}