{"id":15961,"date":"2018-08-15T09:00:23","date_gmt":"2018-08-15T07:00:23","guid":{"rendered":"http:\/\/datastorica.agenziacalendario.com\/?p=15961"},"modified":"2018-08-14T21:25:10","modified_gmt":"2018-08-14T19:25:10","slug":"980-anni-fa-muore-stefano-i-il-santo-patrono-dungheria","status":"publish","type":"post","link":"https:\/\/datastorica.it\/blog\/2018\/08\/15\/980-anni-fa-muore-stefano-i-il-santo-patrono-dungheria\/","title":{"rendered":"980 anni fa muore Stefano I il Santo, patrono d&#8217;Ungheria"},"content":{"rendered":"<p>Il 15 agosto 1038 muore a Strigonio (Ungheria) Stefano I il Santo, re d&#8217;Ungheria, nel 1083 \u00e8 canonizzato e diventa il santo patrono d&#8217;Ungheria. Stefano nasce nel 1975 a Strigonio, figlio di G\u00e9za, duca pagano dei magiari, \u00e8 educato al cristianesimo dalla madre. Riconosciuto re da papa Silvestro II e dall&#8217;imperatore Ottone III, evangelizza il regno e costruisce una solida amministrazione destinata a durare otto secoli.<\/p>\n","protected":false},"excerpt":{"rendered":"<p>Il 15 agosto 1038 muore a Strigonio (Ungheria) Stefano I il Santo, re d&#8217;Ungheria, nel 1083 \u00e8 canonizzato e diventa il santo patrono d&#8217;Ungheria. Stefano nasce nel 1975 a Strigonio, figlio di G\u00e9za, duca pagano dei magiari, \u00e8 educato al cristianesimo dalla madre. Riconosciuto re da papa Silvestro II e dall&#8217;imperatore Ottone III, evangelizza il [&hellip;]<\/p>\n","protected":false},"author":1,"featured_media":0,"comment_status":"open","ping_status":"open","sticky":false,"template":"","format":"standard","meta":{"footnotes":""},"categories":[],"tags":[],"class_list":["post-15961","post","type-post","status-publish","format-standard","hentry"],"_links":{"self":[{"href":"https:\/\/datastorica.it\/blog\/wp-json\/wp\/v2\/posts\/15961","targetHints":{"allow":["GET"]}}],"collection":[{"href":"https:\/\/datastorica.it\/blog\/wp-json\/wp\/v2\/posts"}],"about":[{"href":"https:\/\/datastorica.it\/blog\/wp-json\/wp\/v2\/types\/post"}],"author":[{"embeddable":true,"href":"https:\/\/datastorica.it\/blog\/wp-json\/wp\/v2\/users\/1"}],"replies":[{"embeddable":true,"href":"https:\/\/datastorica.it\/blog\/wp-json\/wp\/v2\/comments?post=15961"}],"version-history":[{"count":1,"href":"https:\/\/datastorica.it\/blog\/wp-json\/wp\/v2\/posts\/15961\/revisions"}],"predecessor-version":[{"id":15962,"href":"https:\/\/datastorica.it\/blog\/wp-json\/wp\/v2\/posts\/15961\/revisions\/15962"}],"wp:attachment":[{"href":"https:\/\/datastorica.it\/blog\/wp-json\/wp\/v2\/media?parent=15961"}],"wp:term":[{"taxonomy":"category","embeddable":true,"href":"https:\/\/datastorica.it\/blog\/wp-json\/wp\/v2\/categories?post=15961"},{"taxonomy":"post_tag","embeddable":true,"href":"https:\/\/datastorica.it\/blog\/wp-json\/wp\/v2\/tags?post=15961"}],"curies":[{"name":"wp","href":"https:\/\/api.w.org\/{rel}","templated":true}]}}