{"id":16055,"date":"2018-08-18T09:51:43","date_gmt":"2018-08-18T07:51:43","guid":{"rendered":"http:\/\/datastorica.agenziacalendario.com\/?p=16055"},"modified":"2018-08-18T09:51:43","modified_gmt":"2018-08-18T07:51:43","slug":"110-anni-fa-nasce-edgar-faure-il-ministro-dellistruzione-francese-contestato-nel-68","status":"publish","type":"post","link":"https:\/\/datastorica.it\/blog\/2018\/08\/18\/110-anni-fa-nasce-edgar-faure-il-ministro-dellistruzione-francese-contestato-nel-68\/","title":{"rendered":"110 anni fa nasce Edgar Faure, il ministro dell&#8217;Istruzione francese contestato nel &#8217;68"},"content":{"rendered":"<p>Il 18 agosto 1908 nasce a B\u00e8ziers (Francia) lo scrittore, politico e giurista Edgar Faure, fa parte tra il 1945 ed il 1946 della delegazione di giuristi francesi al processo di Norimberga (Germani). Poi \u00e8 primo ministro nel 1952 e nel 1955-56. Deputato radical-socialista nel 1946-56, espulso dal Partito radicale, continua a dirigere il Rassemblement des Gauches Republicaines ed \u00e8 ministro delle Finanze (1958). Sostiene attivamente l&#8217;avvento di de Gaulle, di cui \u00e8 rappresentante ufficioso in alcune missioni in Cina. Pi\u00f9 volte ministro, come titolare dell&#8217;Istruzione vara la riforma degli studi negli anni caldi della contestazione studentesca (1968-69). Presidente dell&#8217;Assemblea Nazionale nel 1973-78, senatore nel 1980, \u00e8 deputato del Parlamento europeo dal 1979 al 1984. Faure muore il 30 marzo 1988 a Parigi (Francia).<\/p>\n","protected":false},"excerpt":{"rendered":"<p>Il 18 agosto 1908 nasce a B\u00e8ziers (Francia) lo scrittore, politico e giurista Edgar Faure, fa parte tra il 1945 ed il 1946 della delegazione di giuristi francesi al processo di Norimberga (Germani). Poi \u00e8 primo ministro nel 1952 e nel 1955-56. Deputato radical-socialista nel 1946-56, espulso dal Partito radicale, continua a dirigere il Rassemblement [&hellip;]<\/p>\n","protected":false},"author":1,"featured_media":0,"comment_status":"open","ping_status":"open","sticky":false,"template":"","format":"standard","meta":{"footnotes":""},"categories":[],"tags":[],"class_list":["post-16055","post","type-post","status-publish","format-standard","hentry"],"_links":{"self":[{"href":"https:\/\/datastorica.it\/blog\/wp-json\/wp\/v2\/posts\/16055","targetHints":{"allow":["GET"]}}],"collection":[{"href":"https:\/\/datastorica.it\/blog\/wp-json\/wp\/v2\/posts"}],"about":[{"href":"https:\/\/datastorica.it\/blog\/wp-json\/wp\/v2\/types\/post"}],"author":[{"embeddable":true,"href":"https:\/\/datastorica.it\/blog\/wp-json\/wp\/v2\/users\/1"}],"replies":[{"embeddable":true,"href":"https:\/\/datastorica.it\/blog\/wp-json\/wp\/v2\/comments?post=16055"}],"version-history":[{"count":1,"href":"https:\/\/datastorica.it\/blog\/wp-json\/wp\/v2\/posts\/16055\/revisions"}],"predecessor-version":[{"id":16056,"href":"https:\/\/datastorica.it\/blog\/wp-json\/wp\/v2\/posts\/16055\/revisions\/16056"}],"wp:attachment":[{"href":"https:\/\/datastorica.it\/blog\/wp-json\/wp\/v2\/media?parent=16055"}],"wp:term":[{"taxonomy":"category","embeddable":true,"href":"https:\/\/datastorica.it\/blog\/wp-json\/wp\/v2\/categories?post=16055"},{"taxonomy":"post_tag","embeddable":true,"href":"https:\/\/datastorica.it\/blog\/wp-json\/wp\/v2\/tags?post=16055"}],"curies":[{"name":"wp","href":"https:\/\/api.w.org\/{rel}","templated":true}]}}