{"id":16067,"date":"2018-08-18T12:30:39","date_gmt":"2018-08-18T10:30:39","guid":{"rendered":"http:\/\/datastorica.agenziacalendario.com\/?p=16067"},"modified":"2018-08-18T10:46:56","modified_gmt":"2018-08-18T08:46:56","slug":"50-anni-fa-nasce-il-cantautore-daniele-silvestri-il-suo-saliro-ha-grande-successo","status":"publish","type":"post","link":"https:\/\/datastorica.it\/blog\/2018\/08\/18\/50-anni-fa-nasce-il-cantautore-daniele-silvestri-il-suo-saliro-ha-grande-successo\/","title":{"rendered":"50 anni fa nasce il cantautore Daniele Silvestri, il suo &#8220;Salir\u00f2&#8221; ha  grande successo"},"content":{"rendered":"<p>Il 18 agosto 1968 nasce a Roma il cantautore Daniele Silvestri, il suo singolo &#8220;Salir\u00f2&#8221; \u00e8 il pi\u00f9 suonato in radio del 2002. Fa il suo debutto discografico nel 1994 con il primo disco omonimo. Nel 1995 vince Sanremo Giovani e partecipa al Festival tra le nuove proposte con &#8220;L&#8217;uomo col megafono&#8221;. Nel 2002 presenta a Sanremo &#8220;Salir\u00f2&#8221; ed ottiene un successo di pubblico strepitoso (anche grazie alla messa in scena di un esilarante balletto con l\u2019attore Fabio Ferri), vincendo quattro premi all&#8217;Italian Music Award. Nel 2003, al concerto del Primo Maggio a Roma, suona \u201cIl Mio nemico\u201d, con cui vince il Premio Amnesty. Del 2004 il doppio Cd Live &#8220;Livre Transito&#8221;. Nel 2007 torna a Sanremo con un nuovo singolo intitolato \u201cLa paranza\u201d. Autore di &#8220;Il viaggio (pochi grammi di coraggio)&#8221;, colonna sonora del film &#8220;Immaturi &#8211; Il viaggio&#8221;, Daniele Silvestri scrive i testi e le musiche di &#8220;Capitan Kuk&#8221;, da cui viene tratto anche un musical<\/p>\n","protected":false},"excerpt":{"rendered":"<p>Il 18 agosto 1968 nasce a Roma il cantautore Daniele Silvestri, il suo singolo &#8220;Salir\u00f2&#8221; \u00e8 il pi\u00f9 suonato in radio del 2002. Fa il suo debutto discografico nel 1994 con il primo disco omonimo. Nel 1995 vince Sanremo Giovani e partecipa al Festival tra le nuove proposte con &#8220;L&#8217;uomo col megafono&#8221;. Nel 2002 presenta [&hellip;]<\/p>\n","protected":false},"author":1,"featured_media":0,"comment_status":"open","ping_status":"open","sticky":false,"template":"","format":"standard","meta":{"footnotes":""},"categories":[],"tags":[],"class_list":["post-16067","post","type-post","status-publish","format-standard","hentry"],"_links":{"self":[{"href":"https:\/\/datastorica.it\/blog\/wp-json\/wp\/v2\/posts\/16067","targetHints":{"allow":["GET"]}}],"collection":[{"href":"https:\/\/datastorica.it\/blog\/wp-json\/wp\/v2\/posts"}],"about":[{"href":"https:\/\/datastorica.it\/blog\/wp-json\/wp\/v2\/types\/post"}],"author":[{"embeddable":true,"href":"https:\/\/datastorica.it\/blog\/wp-json\/wp\/v2\/users\/1"}],"replies":[{"embeddable":true,"href":"https:\/\/datastorica.it\/blog\/wp-json\/wp\/v2\/comments?post=16067"}],"version-history":[{"count":1,"href":"https:\/\/datastorica.it\/blog\/wp-json\/wp\/v2\/posts\/16067\/revisions"}],"predecessor-version":[{"id":16068,"href":"https:\/\/datastorica.it\/blog\/wp-json\/wp\/v2\/posts\/16067\/revisions\/16068"}],"wp:attachment":[{"href":"https:\/\/datastorica.it\/blog\/wp-json\/wp\/v2\/media?parent=16067"}],"wp:term":[{"taxonomy":"category","embeddable":true,"href":"https:\/\/datastorica.it\/blog\/wp-json\/wp\/v2\/categories?post=16067"},{"taxonomy":"post_tag","embeddable":true,"href":"https:\/\/datastorica.it\/blog\/wp-json\/wp\/v2\/tags?post=16067"}],"curies":[{"name":"wp","href":"https:\/\/api.w.org\/{rel}","templated":true}]}}