{"id":161,"date":"2011-05-30T08:00:17","date_gmt":"2011-05-30T06:00:17","guid":{"rendered":"http:\/\/agenziacalendario.com\/wp\/?p=161"},"modified":"2011-05-29T22:52:33","modified_gmt":"2011-05-29T20:52:33","slug":"giovanna-darco-viene-arsa-viva-sulla-piazza-del-mercato-vecchio","status":"publish","type":"post","link":"https:\/\/datastorica.it\/blog\/2011\/05\/30\/giovanna-darco-viene-arsa-viva-sulla-piazza-del-mercato-vecchio\/","title":{"rendered":"Giovanna d&#8217;Arco viene arsa viva sulla Piazza del Mercato Vecchio"},"content":{"rendered":"<p><a href=\"http:\/\/agenziacalendario.com\/wp\/wp-content\/uploads\/2011\/05\/giovanna_darco_1.jpg\"><img loading=\"lazy\" decoding=\"async\" class=\"alignleft size-thumbnail wp-image-162\" title=\"giovanna_darco_1\" src=\"http:\/\/agenziacalendario.com\/wp\/wp-content\/uploads\/2011\/05\/giovanna_darco_1-150x150.jpg\" alt=\"\" width=\"150\" height=\"150\" \/><\/a>Il 30 maggio 1431 Giovanna d&#8217;Arco viene arsa viva sulla Piazza del Mercato Vecchio di Rouen (Francia) La condanna avviene dopo il processo per eresia e stregoneria, condotto dal vescovo della citt\u00e0 Cauchon e dal conte di Beauvais. Giovanna nasce il 6 gennaio 1412 a Domr\u00e9my (Francia). Nel 1456 papa Callisto III, al termine di una seconda inchiesta, dichiara la nullit\u00e0 di tale processo. Beatificata nel 1909 da Papa Pio X e canonizzata nel 1920 da Papa Benedetto XV\u00a0 Giovanna, la Pulzella d&#8217;Orl\u00e9ans \u00e8 dichiarata patrona di Francia.<\/p>\n","protected":false},"excerpt":{"rendered":"<p>Il 30 maggio 1431 Giovanna d&#8217;Arco viene arsa viva sulla Piazza del Mercato Vecchio di Rouen (Francia) La condanna avviene dopo il processo per eresia e stregoneria, condotto dal vescovo della citt\u00e0 Cauchon e dal conte di Beauvais. Giovanna nasce il 6 gennaio 1412 a Domr\u00e9my (Francia). Nel 1456 papa Callisto III, al termine di [&hellip;]<\/p>\n","protected":false},"author":1,"featured_media":0,"comment_status":"open","ping_status":"open","sticky":false,"template":"","format":"standard","meta":{"footnotes":""},"categories":[],"tags":[],"class_list":["post-161","post","type-post","status-publish","format-standard","hentry"],"_links":{"self":[{"href":"https:\/\/datastorica.it\/blog\/wp-json\/wp\/v2\/posts\/161","targetHints":{"allow":["GET"]}}],"collection":[{"href":"https:\/\/datastorica.it\/blog\/wp-json\/wp\/v2\/posts"}],"about":[{"href":"https:\/\/datastorica.it\/blog\/wp-json\/wp\/v2\/types\/post"}],"author":[{"embeddable":true,"href":"https:\/\/datastorica.it\/blog\/wp-json\/wp\/v2\/users\/1"}],"replies":[{"embeddable":true,"href":"https:\/\/datastorica.it\/blog\/wp-json\/wp\/v2\/comments?post=161"}],"version-history":[{"count":1,"href":"https:\/\/datastorica.it\/blog\/wp-json\/wp\/v2\/posts\/161\/revisions"}],"predecessor-version":[{"id":163,"href":"https:\/\/datastorica.it\/blog\/wp-json\/wp\/v2\/posts\/161\/revisions\/163"}],"wp:attachment":[{"href":"https:\/\/datastorica.it\/blog\/wp-json\/wp\/v2\/media?parent=161"}],"wp:term":[{"taxonomy":"category","embeddable":true,"href":"https:\/\/datastorica.it\/blog\/wp-json\/wp\/v2\/categories?post=161"},{"taxonomy":"post_tag","embeddable":true,"href":"https:\/\/datastorica.it\/blog\/wp-json\/wp\/v2\/tags?post=161"}],"curies":[{"name":"wp","href":"https:\/\/api.w.org\/{rel}","templated":true}]}}