{"id":16567,"date":"2018-10-16T11:45:30","date_gmt":"2018-10-16T09:45:30","guid":{"rendered":"http:\/\/datastorica.agenziacalendario.com\/?p=16567"},"modified":"2018-10-16T09:35:53","modified_gmt":"2018-10-16T07:35:53","slug":"90-anni-fa-nasce-don-luigi-di-liegro-fondatore-della-caritas-diocesana-di-roma","status":"publish","type":"post","link":"https:\/\/datastorica.it\/blog\/2018\/10\/16\/90-anni-fa-nasce-don-luigi-di-liegro-fondatore-della-caritas-diocesana-di-roma\/","title":{"rendered":"90 anni fa nasce don Luigi Di Liegro, fondatore della Caritas diocesana di Roma"},"content":{"rendered":"<p>Il 16 ottobre 1928 nasce a Gaeta (Napoli) Don Luigi Di Liegro fondatore della Caritas diocesana di Roma, che dirige dal 1980. A lui si devono i primi incontri tra associazioni con finalit\u00e0 simili tra cui la Comunit\u00e0 di Capodarco, l&#8217;Esercito della salvezza, la Comunit\u00e0 di Sant&#8217;Egidio, le Missionarie della carit\u00e0 di Madre Teresa di Calcutta con l&#8217;obiettivo di creare una rete per combattere insieme l&#8217;emergenza sociale. Crea a Roma numerose opere per capire e aiutare gli emarginati. Don Di Liegro muore il 12 ottobre 1997 a Milano.<\/p>\n","protected":false},"excerpt":{"rendered":"<p>Il 16 ottobre 1928 nasce a Gaeta (Napoli) Don Luigi Di Liegro fondatore della Caritas diocesana di Roma, che dirige dal 1980. A lui si devono i primi incontri tra associazioni con finalit\u00e0 simili tra cui la Comunit\u00e0 di Capodarco, l&#8217;Esercito della salvezza, la Comunit\u00e0 di Sant&#8217;Egidio, le Missionarie della carit\u00e0 di Madre Teresa di [&hellip;]<\/p>\n","protected":false},"author":1,"featured_media":0,"comment_status":"open","ping_status":"open","sticky":false,"template":"","format":"standard","meta":{"footnotes":""},"categories":[],"tags":[],"class_list":["post-16567","post","type-post","status-publish","format-standard","hentry"],"_links":{"self":[{"href":"https:\/\/datastorica.it\/blog\/wp-json\/wp\/v2\/posts\/16567","targetHints":{"allow":["GET"]}}],"collection":[{"href":"https:\/\/datastorica.it\/blog\/wp-json\/wp\/v2\/posts"}],"about":[{"href":"https:\/\/datastorica.it\/blog\/wp-json\/wp\/v2\/types\/post"}],"author":[{"embeddable":true,"href":"https:\/\/datastorica.it\/blog\/wp-json\/wp\/v2\/users\/1"}],"replies":[{"embeddable":true,"href":"https:\/\/datastorica.it\/blog\/wp-json\/wp\/v2\/comments?post=16567"}],"version-history":[{"count":1,"href":"https:\/\/datastorica.it\/blog\/wp-json\/wp\/v2\/posts\/16567\/revisions"}],"predecessor-version":[{"id":16568,"href":"https:\/\/datastorica.it\/blog\/wp-json\/wp\/v2\/posts\/16567\/revisions\/16568"}],"wp:attachment":[{"href":"https:\/\/datastorica.it\/blog\/wp-json\/wp\/v2\/media?parent=16567"}],"wp:term":[{"taxonomy":"category","embeddable":true,"href":"https:\/\/datastorica.it\/blog\/wp-json\/wp\/v2\/categories?post=16567"},{"taxonomy":"post_tag","embeddable":true,"href":"https:\/\/datastorica.it\/blog\/wp-json\/wp\/v2\/tags?post=16567"}],"curies":[{"name":"wp","href":"https:\/\/api.w.org\/{rel}","templated":true}]}}