{"id":16590,"date":"2018-10-19T10:25:44","date_gmt":"2018-10-19T08:25:44","guid":{"rendered":"http:\/\/datastorica.agenziacalendario.com\/?p=16590"},"modified":"2018-10-19T10:06:54","modified_gmt":"2018-10-19T08:06:54","slug":"60-anni-fa-nasce-il-politico-dario-franceschini-sottosegretario-e-ministro","status":"publish","type":"post","link":"https:\/\/datastorica.it\/blog\/2018\/10\/19\/60-anni-fa-nasce-il-politico-dario-franceschini-sottosegretario-e-ministro\/","title":{"rendered":"60 anni fa nasce il politico Dario Franceschini, Sottosegretario e Ministro"},"content":{"rendered":"<p>Il 19 ottobre 1958 nasce a Ferrara il politico Dario Franceschini. Dal 22 dicembre 1999 all&#8217;11 giugno 2001 \u00e8 Sottosegretario di Stato alla Presidenza del Consiglio dei ministri nei governi D&#8217;Alema II e Amato II. Dal 28 aprile 2013 al 22 febbraio 2014 \u00e8 Ministro per i Rapporti con il Parlamento e il coordinamento dell&#8217;attivit\u00e0 di governo nel governo Letta, infine dal 22 febbraio 2014 all&#8217;1 giugno 2018 Ministro dei beni e delle attivit\u00e0 culturali e del turismo prima nel governo Renzi e poi riconfermato in carica nel governo Gentiloni. Franceschini \u00e8 vicesegretario e segretario nazionale del Partito Democratico, primo presidente del gruppo dell&#8217;Ulivo alla Camera dei deputati dal 2006 al 2008 e successivamente presidente del gruppo del PD dal 17 novembre 2009 al 19 marzo 2013. L&#8217;8 marzo 2014, nel corso di una visita a Palmanova, viene ricoverato a causa di un infarto mentre si trova nella caserma &#8220;Ederle&#8221;. Il bollettino ufficiale dell&#8217;ospedale riferir\u00e0, pi\u00f9 tardi, che il ministro \u00e8 colpito da una \u00absindrome coronarica acuta, trattata positivamente e tempestivamente\u00bb. Successivamente verr\u00e0 trasferito all&#8217;ospedale Santa Maria della Misericordia di Udine. Alle politiche del 4 marzo 2018 \u00e8 eletto alla Camera dei Deputati per il Pd nel collegio plurinominale di Ravenna, Rimini, Forli, Cesena.<\/p>\n","protected":false},"excerpt":{"rendered":"<p>Il 19 ottobre 1958 nasce a Ferrara il politico Dario Franceschini. Dal 22 dicembre 1999 all&#8217;11 giugno 2001 \u00e8 Sottosegretario di Stato alla Presidenza del Consiglio dei ministri nei governi D&#8217;Alema II e Amato II. Dal 28 aprile 2013 al 22 febbraio 2014 \u00e8 Ministro per i Rapporti con il Parlamento e il coordinamento dell&#8217;attivit\u00e0 [&hellip;]<\/p>\n","protected":false},"author":1,"featured_media":0,"comment_status":"open","ping_status":"open","sticky":false,"template":"","format":"standard","meta":{"footnotes":""},"categories":[],"tags":[],"class_list":["post-16590","post","type-post","status-publish","format-standard","hentry"],"_links":{"self":[{"href":"https:\/\/datastorica.it\/blog\/wp-json\/wp\/v2\/posts\/16590","targetHints":{"allow":["GET"]}}],"collection":[{"href":"https:\/\/datastorica.it\/blog\/wp-json\/wp\/v2\/posts"}],"about":[{"href":"https:\/\/datastorica.it\/blog\/wp-json\/wp\/v2\/types\/post"}],"author":[{"embeddable":true,"href":"https:\/\/datastorica.it\/blog\/wp-json\/wp\/v2\/users\/1"}],"replies":[{"embeddable":true,"href":"https:\/\/datastorica.it\/blog\/wp-json\/wp\/v2\/comments?post=16590"}],"version-history":[{"count":1,"href":"https:\/\/datastorica.it\/blog\/wp-json\/wp\/v2\/posts\/16590\/revisions"}],"predecessor-version":[{"id":16591,"href":"https:\/\/datastorica.it\/blog\/wp-json\/wp\/v2\/posts\/16590\/revisions\/16591"}],"wp:attachment":[{"href":"https:\/\/datastorica.it\/blog\/wp-json\/wp\/v2\/media?parent=16590"}],"wp:term":[{"taxonomy":"category","embeddable":true,"href":"https:\/\/datastorica.it\/blog\/wp-json\/wp\/v2\/categories?post=16590"},{"taxonomy":"post_tag","embeddable":true,"href":"https:\/\/datastorica.it\/blog\/wp-json\/wp\/v2\/tags?post=16590"}],"curies":[{"name":"wp","href":"https:\/\/api.w.org\/{rel}","templated":true}]}}