{"id":17025,"date":"2019-02-07T10:28:29","date_gmt":"2019-02-07T09:28:29","guid":{"rendered":"http:\/\/datastorica.agenziacalendario.com\/?p=17025"},"modified":"2019-02-07T09:29:26","modified_gmt":"2019-02-07T08:29:26","slug":"100-anni-fa-nasce-il-teologo-e-vescovo-cattolico-helder-camara","status":"publish","type":"post","link":"https:\/\/datastorica.it\/blog\/2019\/02\/07\/100-anni-fa-nasce-il-teologo-e-vescovo-cattolico-helder-camara\/","title":{"rendered":"100 anni fa nasce il teologo e  vescovo cattolico Helder Camara"},"content":{"rendered":"<p>Il 7 febbraio 1919 nasce a Fortaleza (Brasile) H\u00e9lder Pessoa C\u00e2mara che viene ordinato sacerdote il 15 agosto 1931 a Rio de Janeiro (Brasile), dove viene nominato vescovo ausiliare il 3 marzo 1952 ricevendo l&#8217;ordinazione episcopale il 20 aprile 1952. Qui fonda la Banca della Provvidenza di San Sebastiano, che assiste i poveri e gli emarginati. Sempre a Rio, organizza il 36\u00ba Congresso Eucaristico Internazionale e la Conferenza Nazionale dei Vescovi Brasiliani (CNBB), della quale \u00e8 attivissimo segretario. Il 12 marzo 1964 Papa Paolo VI lo nomina arcivescovo di Olinda e Recife (Brasile). Dom H\u00e9lder \u00e8 uno dei maggiori precursori della teologia della liberazione latinoamericana e uno degli esponenti che maggiormente integra dimensione politica e dimensione spirituale della fede cristiana. Lascia la sua diocesi il 2 aprile 1985, per raggiunti limiti di et\u00e0 (secondo le disposizioni del Diritto canonico), vivendo a Recife, sempre nell&#8217;appartamento popolare scelto dall&#8217;inizio del suo ministero episcopale, fino alla morte avvenuta il 27 agosto 1999.<\/p>\n","protected":false},"excerpt":{"rendered":"<p>Il 7 febbraio 1919 nasce a Fortaleza (Brasile) H\u00e9lder Pessoa C\u00e2mara che viene ordinato sacerdote il 15 agosto 1931 a Rio de Janeiro (Brasile), dove viene nominato vescovo ausiliare il 3 marzo 1952 ricevendo l&#8217;ordinazione episcopale il 20 aprile 1952. Qui fonda la Banca della Provvidenza di San Sebastiano, che assiste i poveri e gli [&hellip;]<\/p>\n","protected":false},"author":1,"featured_media":0,"comment_status":"open","ping_status":"open","sticky":false,"template":"","format":"standard","meta":{"footnotes":""},"categories":[],"tags":[],"class_list":["post-17025","post","type-post","status-publish","format-standard","hentry"],"_links":{"self":[{"href":"https:\/\/datastorica.it\/blog\/wp-json\/wp\/v2\/posts\/17025","targetHints":{"allow":["GET"]}}],"collection":[{"href":"https:\/\/datastorica.it\/blog\/wp-json\/wp\/v2\/posts"}],"about":[{"href":"https:\/\/datastorica.it\/blog\/wp-json\/wp\/v2\/types\/post"}],"author":[{"embeddable":true,"href":"https:\/\/datastorica.it\/blog\/wp-json\/wp\/v2\/users\/1"}],"replies":[{"embeddable":true,"href":"https:\/\/datastorica.it\/blog\/wp-json\/wp\/v2\/comments?post=17025"}],"version-history":[{"count":1,"href":"https:\/\/datastorica.it\/blog\/wp-json\/wp\/v2\/posts\/17025\/revisions"}],"predecessor-version":[{"id":17026,"href":"https:\/\/datastorica.it\/blog\/wp-json\/wp\/v2\/posts\/17025\/revisions\/17026"}],"wp:attachment":[{"href":"https:\/\/datastorica.it\/blog\/wp-json\/wp\/v2\/media?parent=17025"}],"wp:term":[{"taxonomy":"category","embeddable":true,"href":"https:\/\/datastorica.it\/blog\/wp-json\/wp\/v2\/categories?post=17025"},{"taxonomy":"post_tag","embeddable":true,"href":"https:\/\/datastorica.it\/blog\/wp-json\/wp\/v2\/tags?post=17025"}],"curies":[{"name":"wp","href":"https:\/\/api.w.org\/{rel}","templated":true}]}}