{"id":17069,"date":"2019-02-09T08:38:18","date_gmt":"2019-02-09T07:38:18","guid":{"rendered":"http:\/\/datastorica.agenziacalendario.com\/?p=17069"},"modified":"2019-02-08T18:39:44","modified_gmt":"2019-02-08T17:39:44","slug":"150-anni-fa-nasce-giovanni-bertacchi-il-cantore-delle-alpi","status":"publish","type":"post","link":"https:\/\/datastorica.it\/blog\/2019\/02\/09\/150-anni-fa-nasce-giovanni-bertacchi-il-cantore-delle-alpi\/","title":{"rendered":"150 anni fa nasce Giovanni Bertacchi, il cantore delle Alpi"},"content":{"rendered":"<p>Il 9 febbraio 1869 nasce a Chiavenna il poeta e critico letterario Giovanni Bertacchi, la sua poesia risente fortemente l&#8217;influsso di Pascoli sia per quanto riguarda la ricerca delle forme metriche sia per il caratteristico gusto per le descrizioni del paesaggio. Bertacchi \u00e8 autore di studi critici su Dante, Leopardi e Manzoni ma la sua opera poetica pi\u00f9 importante \u00e8 il &#8220;Canzoniere delle Alpi&#8221;, pubblicata nel 1895. Intorno ai 60 anni, in concomitanza con l&#8217;uscita della sua ultima raccolta &#8220;Il perenne domani&#8221;, inizia a scrivere poesie in dialetto chiavennasco e pervase di nostalgia per l&#8217;infanzia e per i suoi luoghi d&#8217;origine. Bertacchi muore il 24 novembre 1942 a Milano.<br \/>\nI<\/p>\n","protected":false},"excerpt":{"rendered":"<p>Il 9 febbraio 1869 nasce a Chiavenna il poeta e critico letterario Giovanni Bertacchi, la sua poesia risente fortemente l&#8217;influsso di Pascoli sia per quanto riguarda la ricerca delle forme metriche sia per il caratteristico gusto per le descrizioni del paesaggio. Bertacchi \u00e8 autore di studi critici su Dante, Leopardi e Manzoni ma la sua [&hellip;]<\/p>\n","protected":false},"author":1,"featured_media":0,"comment_status":"open","ping_status":"open","sticky":false,"template":"","format":"standard","meta":{"footnotes":""},"categories":[],"tags":[],"class_list":["post-17069","post","type-post","status-publish","format-standard","hentry"],"_links":{"self":[{"href":"https:\/\/datastorica.it\/blog\/wp-json\/wp\/v2\/posts\/17069","targetHints":{"allow":["GET"]}}],"collection":[{"href":"https:\/\/datastorica.it\/blog\/wp-json\/wp\/v2\/posts"}],"about":[{"href":"https:\/\/datastorica.it\/blog\/wp-json\/wp\/v2\/types\/post"}],"author":[{"embeddable":true,"href":"https:\/\/datastorica.it\/blog\/wp-json\/wp\/v2\/users\/1"}],"replies":[{"embeddable":true,"href":"https:\/\/datastorica.it\/blog\/wp-json\/wp\/v2\/comments?post=17069"}],"version-history":[{"count":1,"href":"https:\/\/datastorica.it\/blog\/wp-json\/wp\/v2\/posts\/17069\/revisions"}],"predecessor-version":[{"id":17070,"href":"https:\/\/datastorica.it\/blog\/wp-json\/wp\/v2\/posts\/17069\/revisions\/17070"}],"wp:attachment":[{"href":"https:\/\/datastorica.it\/blog\/wp-json\/wp\/v2\/media?parent=17069"}],"wp:term":[{"taxonomy":"category","embeddable":true,"href":"https:\/\/datastorica.it\/blog\/wp-json\/wp\/v2\/categories?post=17069"},{"taxonomy":"post_tag","embeddable":true,"href":"https:\/\/datastorica.it\/blog\/wp-json\/wp\/v2\/tags?post=17069"}],"curies":[{"name":"wp","href":"https:\/\/api.w.org\/{rel}","templated":true}]}}