{"id":17081,"date":"2019-02-09T11:31:42","date_gmt":"2019-02-09T10:31:42","guid":{"rendered":"http:\/\/datastorica.agenziacalendario.com\/?p=17081"},"modified":"2019-02-08T18:49:54","modified_gmt":"2019-02-08T17:49:54","slug":"90-anni-fa-karate-nasce-il-campione-taiji-kase","status":"publish","type":"post","link":"https:\/\/datastorica.it\/blog\/2019\/02\/09\/90-anni-fa-karate-nasce-il-campione-taiji-kase\/","title":{"rendered":"90 anni fa, Karate: nasce il campione Taiji Kase"},"content":{"rendered":"<p>Il 9 febbraio 1929 nasce a Chiba il campione di karateTaiji Kase, forse uno dei maestri pi\u00f9 preparati e pi\u00f9 conosciuti nell&#8217;ambito del karate; ottiene il X dan, a conferma del suo immenso valore.<br \/>\nIl karate \u00e8 una via, un percorso di formazione e crescita che Kase intende insegnare secondo i precetti del suo maestro e fondatore del Karate. Espressione pi\u00f9 alta del Karate Tradizionale con la rettitudine del comportamento, la sua lealt\u00e0 e la profonda umanit\u00e0 che sono proprie di questo grande Sensei che lo fanno apprezzare da tutti i praticanti di Karate, e non solo, al di l\u00e0 delle singole federazioni. Kase muore il 24 novembre 2004 a Parigi (Francia).<\/p>\n","protected":false},"excerpt":{"rendered":"<p>Il 9 febbraio 1929 nasce a Chiba il campione di karateTaiji Kase, forse uno dei maestri pi\u00f9 preparati e pi\u00f9 conosciuti nell&#8217;ambito del karate; ottiene il X dan, a conferma del suo immenso valore. Il karate \u00e8 una via, un percorso di formazione e crescita che Kase intende insegnare secondo i precetti del suo maestro [&hellip;]<\/p>\n","protected":false},"author":1,"featured_media":0,"comment_status":"open","ping_status":"open","sticky":false,"template":"","format":"standard","meta":{"footnotes":""},"categories":[],"tags":[],"class_list":["post-17081","post","type-post","status-publish","format-standard","hentry"],"_links":{"self":[{"href":"https:\/\/datastorica.it\/blog\/wp-json\/wp\/v2\/posts\/17081","targetHints":{"allow":["GET"]}}],"collection":[{"href":"https:\/\/datastorica.it\/blog\/wp-json\/wp\/v2\/posts"}],"about":[{"href":"https:\/\/datastorica.it\/blog\/wp-json\/wp\/v2\/types\/post"}],"author":[{"embeddable":true,"href":"https:\/\/datastorica.it\/blog\/wp-json\/wp\/v2\/users\/1"}],"replies":[{"embeddable":true,"href":"https:\/\/datastorica.it\/blog\/wp-json\/wp\/v2\/comments?post=17081"}],"version-history":[{"count":1,"href":"https:\/\/datastorica.it\/blog\/wp-json\/wp\/v2\/posts\/17081\/revisions"}],"predecessor-version":[{"id":17082,"href":"https:\/\/datastorica.it\/blog\/wp-json\/wp\/v2\/posts\/17081\/revisions\/17082"}],"wp:attachment":[{"href":"https:\/\/datastorica.it\/blog\/wp-json\/wp\/v2\/media?parent=17081"}],"wp:term":[{"taxonomy":"category","embeddable":true,"href":"https:\/\/datastorica.it\/blog\/wp-json\/wp\/v2\/categories?post=17081"},{"taxonomy":"post_tag","embeddable":true,"href":"https:\/\/datastorica.it\/blog\/wp-json\/wp\/v2\/tags?post=17081"}],"curies":[{"name":"wp","href":"https:\/\/api.w.org\/{rel}","templated":true}]}}