{"id":17095,"date":"2019-02-09T15:15:55","date_gmt":"2019-02-09T14:15:55","guid":{"rendered":"http:\/\/datastorica.agenziacalendario.com\/?p=17095"},"modified":"2019-02-08T19:19:20","modified_gmt":"2019-02-08T18:19:20","slug":"20-anni-fa-sanatoria-per-stranieri-modifica-la-legge-turco-napolitano","status":"publish","type":"post","link":"https:\/\/datastorica.it\/blog\/2019\/02\/09\/20-anni-fa-sanatoria-per-stranieri-modifica-la-legge-turco-napolitano\/","title":{"rendered":"20 anni fa sanatoria per stranieri modifica la legge &#8220;Turco-Napolitano&#8221;"},"content":{"rendered":"<p>Il 9 febbraio 1999 a Roma il Consiglio dei ministri del primo Governo D&#8217;Alema introduce la sanatoria per gli stranieri &#8220;lavoratori&#8221; che possono dimostrare di essere entrati in Italia prima del 27 marzo 1998. La sanatoria modifica la legge &#8220;Turco &#8211; Napolitano&#8221;, cio\u00e8 la legge 6 marzo 1998, n. 40 che disciplinava la materia dell&#8217;immigrazione dall&#8217;estero, cos\u00ec detta dai nomi dell&#8217;allora Ministro per la solidariet\u00e0 sociale Livia Turco e dell&#8217;allora Ministro dell&#8217;interno Giorgio Napolitano.<\/p>\n","protected":false},"excerpt":{"rendered":"<p>Il 9 febbraio 1999 a Roma il Consiglio dei ministri del primo Governo D&#8217;Alema introduce la sanatoria per gli stranieri &#8220;lavoratori&#8221; che possono dimostrare di essere entrati in Italia prima del 27 marzo 1998. La sanatoria modifica la legge &#8220;Turco &#8211; Napolitano&#8221;, cio\u00e8 la legge 6 marzo 1998, n. 40 che disciplinava la materia dell&#8217;immigrazione [&hellip;]<\/p>\n","protected":false},"author":1,"featured_media":0,"comment_status":"open","ping_status":"open","sticky":false,"template":"","format":"standard","meta":{"footnotes":""},"categories":[],"tags":[],"class_list":["post-17095","post","type-post","status-publish","format-standard","hentry"],"_links":{"self":[{"href":"https:\/\/datastorica.it\/blog\/wp-json\/wp\/v2\/posts\/17095","targetHints":{"allow":["GET"]}}],"collection":[{"href":"https:\/\/datastorica.it\/blog\/wp-json\/wp\/v2\/posts"}],"about":[{"href":"https:\/\/datastorica.it\/blog\/wp-json\/wp\/v2\/types\/post"}],"author":[{"embeddable":true,"href":"https:\/\/datastorica.it\/blog\/wp-json\/wp\/v2\/users\/1"}],"replies":[{"embeddable":true,"href":"https:\/\/datastorica.it\/blog\/wp-json\/wp\/v2\/comments?post=17095"}],"version-history":[{"count":1,"href":"https:\/\/datastorica.it\/blog\/wp-json\/wp\/v2\/posts\/17095\/revisions"}],"predecessor-version":[{"id":17096,"href":"https:\/\/datastorica.it\/blog\/wp-json\/wp\/v2\/posts\/17095\/revisions\/17096"}],"wp:attachment":[{"href":"https:\/\/datastorica.it\/blog\/wp-json\/wp\/v2\/media?parent=17095"}],"wp:term":[{"taxonomy":"category","embeddable":true,"href":"https:\/\/datastorica.it\/blog\/wp-json\/wp\/v2\/categories?post=17095"},{"taxonomy":"post_tag","embeddable":true,"href":"https:\/\/datastorica.it\/blog\/wp-json\/wp\/v2\/tags?post=17095"}],"curies":[{"name":"wp","href":"https:\/\/api.w.org\/{rel}","templated":true}]}}