{"id":17178,"date":"2019-02-16T10:30:16","date_gmt":"2019-02-16T09:30:16","guid":{"rendered":"http:\/\/datastorica.agenziacalendario.com\/?p=17178"},"modified":"2019-02-15T17:04:21","modified_gmt":"2019-02-15T16:04:21","slug":"60-anni-fa-fidel-castro-diventa-premier","status":"publish","type":"post","link":"https:\/\/datastorica.it\/blog\/2019\/02\/16\/60-anni-fa-fidel-castro-diventa-premier\/","title":{"rendered":"60 anni fa Fidel Castro diventa  premier"},"content":{"rendered":"<p>Il 16 febbraio 1959 a L&#8217;Avana (Cuba) Fidel Castro diventa primo ministro di Cuba dopo aver rovesciato il regime di Fulgencio Batista. Fidel mantiene la carica fino alla sua abolizione avvenuta il 2 dicembre 1976 e diventa dal 3 dicembre 1976 al 18 febbraio 2008, Presidente del Consiglio di Stato e Presidente del Consiglio dei Ministri. Fidel Castro nasce il 13 agosto 1926 a Biran(Cuba) ed \u00e8 noto con l&#8217;appellativo di L\u00edder m\u00e1ximo, attribuitogli il 2 dicembre 1961. Il 18 febbraio 2008, dopo 49 anni di presidenza, Fidel Castro dichiara che non avrebbe accettato una nuova elezione alla Presidenza del Consiglio di Stato e del consiglio dei Ministri.<\/p>\n","protected":false},"excerpt":{"rendered":"<p>Il 16 febbraio 1959 a L&#8217;Avana (Cuba) Fidel Castro diventa primo ministro di Cuba dopo aver rovesciato il regime di Fulgencio Batista. Fidel mantiene la carica fino alla sua abolizione avvenuta il 2 dicembre 1976 e diventa dal 3 dicembre 1976 al 18 febbraio 2008, Presidente del Consiglio di Stato e Presidente del Consiglio dei [&hellip;]<\/p>\n","protected":false},"author":1,"featured_media":0,"comment_status":"open","ping_status":"open","sticky":false,"template":"","format":"standard","meta":{"footnotes":""},"categories":[],"tags":[],"class_list":["post-17178","post","type-post","status-publish","format-standard","hentry"],"_links":{"self":[{"href":"https:\/\/datastorica.it\/blog\/wp-json\/wp\/v2\/posts\/17178","targetHints":{"allow":["GET"]}}],"collection":[{"href":"https:\/\/datastorica.it\/blog\/wp-json\/wp\/v2\/posts"}],"about":[{"href":"https:\/\/datastorica.it\/blog\/wp-json\/wp\/v2\/types\/post"}],"author":[{"embeddable":true,"href":"https:\/\/datastorica.it\/blog\/wp-json\/wp\/v2\/users\/1"}],"replies":[{"embeddable":true,"href":"https:\/\/datastorica.it\/blog\/wp-json\/wp\/v2\/comments?post=17178"}],"version-history":[{"count":1,"href":"https:\/\/datastorica.it\/blog\/wp-json\/wp\/v2\/posts\/17178\/revisions"}],"predecessor-version":[{"id":17179,"href":"https:\/\/datastorica.it\/blog\/wp-json\/wp\/v2\/posts\/17178\/revisions\/17179"}],"wp:attachment":[{"href":"https:\/\/datastorica.it\/blog\/wp-json\/wp\/v2\/media?parent=17178"}],"wp:term":[{"taxonomy":"category","embeddable":true,"href":"https:\/\/datastorica.it\/blog\/wp-json\/wp\/v2\/categories?post=17178"},{"taxonomy":"post_tag","embeddable":true,"href":"https:\/\/datastorica.it\/blog\/wp-json\/wp\/v2\/tags?post=17178"}],"curies":[{"name":"wp","href":"https:\/\/api.w.org\/{rel}","templated":true}]}}