{"id":17212,"date":"2019-02-17T12:45:37","date_gmt":"2019-02-17T11:45:37","guid":{"rendered":"http:\/\/datastorica.agenziacalendario.com\/?p=17212"},"modified":"2019-02-17T09:12:51","modified_gmt":"2019-02-17T08:12:51","slug":"50-anni-fa-golda-meir-prima-donna-premier","status":"publish","type":"post","link":"https:\/\/datastorica.it\/blog\/2019\/02\/17\/50-anni-fa-golda-meir-prima-donna-premier\/","title":{"rendered":"50 anni fa Golda Meir prima donna Premier"},"content":{"rendered":"<p>Il 17 marzo 1969 a Tel Aviv (Israele) Golda Meir dopo essere stata Ministro del Lavoro e Ministro degli Esteri, viene eletta Primo Ministro. Prima donna in Israele e terza nel mondo a ricoprire tale carica. Verr\u00e0 considerata una lady di ferro ancora prima di Margaret Tatcher. La Meir resta in carica sino al 3 giugno 1974 ed \u00e8 tuttora considerata una delle figure femminili pi\u00f9 importanti del XX secolo.<\/p>\n","protected":false},"excerpt":{"rendered":"<p>Il 17 marzo 1969 a Tel Aviv (Israele) Golda Meir dopo essere stata Ministro del Lavoro e Ministro degli Esteri, viene eletta Primo Ministro. Prima donna in Israele e terza nel mondo a ricoprire tale carica. Verr\u00e0 considerata una lady di ferro ancora prima di Margaret Tatcher. La Meir resta in carica sino al 3 [&hellip;]<\/p>\n","protected":false},"author":1,"featured_media":0,"comment_status":"open","ping_status":"open","sticky":false,"template":"","format":"standard","meta":{"footnotes":""},"categories":[],"tags":[],"class_list":["post-17212","post","type-post","status-publish","format-standard","hentry"],"_links":{"self":[{"href":"https:\/\/datastorica.it\/blog\/wp-json\/wp\/v2\/posts\/17212","targetHints":{"allow":["GET"]}}],"collection":[{"href":"https:\/\/datastorica.it\/blog\/wp-json\/wp\/v2\/posts"}],"about":[{"href":"https:\/\/datastorica.it\/blog\/wp-json\/wp\/v2\/types\/post"}],"author":[{"embeddable":true,"href":"https:\/\/datastorica.it\/blog\/wp-json\/wp\/v2\/users\/1"}],"replies":[{"embeddable":true,"href":"https:\/\/datastorica.it\/blog\/wp-json\/wp\/v2\/comments?post=17212"}],"version-history":[{"count":1,"href":"https:\/\/datastorica.it\/blog\/wp-json\/wp\/v2\/posts\/17212\/revisions"}],"predecessor-version":[{"id":17213,"href":"https:\/\/datastorica.it\/blog\/wp-json\/wp\/v2\/posts\/17212\/revisions\/17213"}],"wp:attachment":[{"href":"https:\/\/datastorica.it\/blog\/wp-json\/wp\/v2\/media?parent=17212"}],"wp:term":[{"taxonomy":"category","embeddable":true,"href":"https:\/\/datastorica.it\/blog\/wp-json\/wp\/v2\/categories?post=17212"},{"taxonomy":"post_tag","embeddable":true,"href":"https:\/\/datastorica.it\/blog\/wp-json\/wp\/v2\/tags?post=17212"}],"curies":[{"name":"wp","href":"https:\/\/api.w.org\/{rel}","templated":true}]}}