{"id":17214,"date":"2019-02-17T13:30:05","date_gmt":"2019-02-17T12:30:05","guid":{"rendered":"http:\/\/datastorica.agenziacalendario.com\/?p=17214"},"modified":"2019-02-19T17:59:14","modified_gmt":"2019-02-19T16:59:14","slug":"dieci-anni-fa-paolo-grossi-nuovo-giudice-costituzionale","status":"publish","type":"post","link":"https:\/\/datastorica.it\/blog\/2019\/02\/17\/dieci-anni-fa-paolo-grossi-nuovo-giudice-costituzionale\/","title":{"rendered":"Dieci anni fa Paolo Grossi nuovo Giudice costituzionale"},"content":{"rendered":"<p>Il 17 febbraio 2009 il Presidente della Repubblica, Giorgio Napolitano nomina Giudice della Corte Costituzionale il Professor Paolo Grossi, in sostituzione del Professor Giovanni Maria Flick, il quale scade domani, 18 febbraio 2009, dalle funzioni di Giudice costituzionale. Il decreto \u00e8 controfirmato dal Presidente del Consiglio dei Ministri Silvio Berlusconi. Paolo Grossi nasce il 29 gennaio 1933 a Firenze, dove si laurea in Giurisprudenza. Docente di Storia del diritto medievale e moderno presso la facolt\u00e0 di Giurisprudenza dell&#8217;Universit\u00e0 di Firenze, \u00e8 membro dell&#8217;Accademia dei Lincei, ed \u00e8 grande caposcuola degli studi di storia del diritto.<\/p>\n","protected":false},"excerpt":{"rendered":"<p>Il 17 febbraio 2009 il Presidente della Repubblica, Giorgio Napolitano nomina Giudice della Corte Costituzionale il Professor Paolo Grossi, in sostituzione del Professor Giovanni Maria Flick, il quale scade domani, 18 febbraio 2009, dalle funzioni di Giudice costituzionale. Il decreto \u00e8 controfirmato dal Presidente del Consiglio dei Ministri Silvio Berlusconi. Paolo Grossi nasce il 29 [&hellip;]<\/p>\n","protected":false},"author":1,"featured_media":0,"comment_status":"open","ping_status":"open","sticky":false,"template":"","format":"standard","meta":{"footnotes":""},"categories":[],"tags":[],"class_list":["post-17214","post","type-post","status-publish","format-standard","hentry"],"_links":{"self":[{"href":"https:\/\/datastorica.it\/blog\/wp-json\/wp\/v2\/posts\/17214","targetHints":{"allow":["GET"]}}],"collection":[{"href":"https:\/\/datastorica.it\/blog\/wp-json\/wp\/v2\/posts"}],"about":[{"href":"https:\/\/datastorica.it\/blog\/wp-json\/wp\/v2\/types\/post"}],"author":[{"embeddable":true,"href":"https:\/\/datastorica.it\/blog\/wp-json\/wp\/v2\/users\/1"}],"replies":[{"embeddable":true,"href":"https:\/\/datastorica.it\/blog\/wp-json\/wp\/v2\/comments?post=17214"}],"version-history":[{"count":1,"href":"https:\/\/datastorica.it\/blog\/wp-json\/wp\/v2\/posts\/17214\/revisions"}],"predecessor-version":[{"id":17215,"href":"https:\/\/datastorica.it\/blog\/wp-json\/wp\/v2\/posts\/17214\/revisions\/17215"}],"wp:attachment":[{"href":"https:\/\/datastorica.it\/blog\/wp-json\/wp\/v2\/media?parent=17214"}],"wp:term":[{"taxonomy":"category","embeddable":true,"href":"https:\/\/datastorica.it\/blog\/wp-json\/wp\/v2\/categories?post=17214"},{"taxonomy":"post_tag","embeddable":true,"href":"https:\/\/datastorica.it\/blog\/wp-json\/wp\/v2\/tags?post=17214"}],"curies":[{"name":"wp","href":"https:\/\/api.w.org\/{rel}","templated":true}]}}