{"id":17216,"date":"2019-02-17T14:15:44","date_gmt":"2019-02-17T13:15:44","guid":{"rendered":"http:\/\/datastorica.agenziacalendario.com\/?p=17216"},"modified":"2019-02-17T09:15:47","modified_gmt":"2019-02-17T08:15:47","slug":"dieci-anni-fa-storia-delleconomia-mondiale-con-il-sole-24-ore","status":"publish","type":"post","link":"https:\/\/datastorica.it\/blog\/2019\/02\/17\/dieci-anni-fa-storia-delleconomia-mondiale-con-il-sole-24-ore\/","title":{"rendered":"Dieci anni fa Storia dell&#8217;economia mondiale con Il Sole 24 Ore"},"content":{"rendered":"<p>Il 17 febbraio 2009 il Sole 24 Ore lancia &#8220;Storia dell&#8217;economia mondiale. Il passato, il presente e il futuro&#8221;, un&#8217;iniziativa in 12 volumi al prezzo di 14,90 euro pi\u00f9 il costo del quotidiano. La collana \u00e8 curata da Valerio Castronovo e offre un approfondimento chiaro e completo condotto dai pi\u00f9 qualificati studiosi internazionali.<\/p>\n","protected":false},"excerpt":{"rendered":"<p>Il 17 febbraio 2009 il Sole 24 Ore lancia &#8220;Storia dell&#8217;economia mondiale. Il passato, il presente e il futuro&#8221;, un&#8217;iniziativa in 12 volumi al prezzo di 14,90 euro pi\u00f9 il costo del quotidiano. La collana \u00e8 curata da Valerio Castronovo e offre un approfondimento chiaro e completo condotto dai pi\u00f9 qualificati studiosi internazionali.<\/p>\n","protected":false},"author":1,"featured_media":0,"comment_status":"open","ping_status":"open","sticky":false,"template":"","format":"standard","meta":{"footnotes":""},"categories":[],"tags":[],"class_list":["post-17216","post","type-post","status-publish","format-standard","hentry"],"_links":{"self":[{"href":"https:\/\/datastorica.it\/blog\/wp-json\/wp\/v2\/posts\/17216","targetHints":{"allow":["GET"]}}],"collection":[{"href":"https:\/\/datastorica.it\/blog\/wp-json\/wp\/v2\/posts"}],"about":[{"href":"https:\/\/datastorica.it\/blog\/wp-json\/wp\/v2\/types\/post"}],"author":[{"embeddable":true,"href":"https:\/\/datastorica.it\/blog\/wp-json\/wp\/v2\/users\/1"}],"replies":[{"embeddable":true,"href":"https:\/\/datastorica.it\/blog\/wp-json\/wp\/v2\/comments?post=17216"}],"version-history":[{"count":1,"href":"https:\/\/datastorica.it\/blog\/wp-json\/wp\/v2\/posts\/17216\/revisions"}],"predecessor-version":[{"id":17217,"href":"https:\/\/datastorica.it\/blog\/wp-json\/wp\/v2\/posts\/17216\/revisions\/17217"}],"wp:attachment":[{"href":"https:\/\/datastorica.it\/blog\/wp-json\/wp\/v2\/media?parent=17216"}],"wp:term":[{"taxonomy":"category","embeddable":true,"href":"https:\/\/datastorica.it\/blog\/wp-json\/wp\/v2\/categories?post=17216"},{"taxonomy":"post_tag","embeddable":true,"href":"https:\/\/datastorica.it\/blog\/wp-json\/wp\/v2\/tags?post=17216"}],"curies":[{"name":"wp","href":"https:\/\/api.w.org\/{rel}","templated":true}]}}