{"id":17268,"date":"2019-02-23T14:45:04","date_gmt":"2019-02-23T13:45:04","guid":{"rendered":"http:\/\/datastorica.agenziacalendario.com\/?p=17268"},"modified":"2019-02-22T19:51:07","modified_gmt":"2019-02-22T18:51:07","slug":"40-anni-fa-frank-e-peterson-primo-afro-americano-viene-nominato-generale-dei-marines","status":"publish","type":"post","link":"https:\/\/datastorica.it\/blog\/2019\/02\/23\/40-anni-fa-frank-e-peterson-primo-afro-americano-viene-nominato-generale-dei-marines\/","title":{"rendered":"40 anni fa Frank E. Peterson primo afro-americano viene nominato generale dei Marines"},"content":{"rendered":"<p>Il 23 febbraio 1979 a Washington (DC, Usa) Frank Emmanuel Peterson \u00e8 promosso generale di brigata diventando il primo afro-americano generale del Corpo dei Marines . Nel maggio 1983 \u00e8 avanzato al rango dei grandi generali, ed \u00e8 promosso tenente generale il 12 giugno 1986. Peterson \u00e8 anche il primo afro-americano a comandare una squadriglia di caccia, un gruppo di combattimento aereo, partecipando alle guerre di Corea e del Vietnam. Petersen nasce il 2 marzo 1932 a Topeka (Kansas, Usa) e muore il 25 agosto 2015 a Stevensville (Maryland, Usa).<\/p>\n","protected":false},"excerpt":{"rendered":"<p>Il 23 febbraio 1979 a Washington (DC, Usa) Frank Emmanuel Peterson \u00e8 promosso generale di brigata diventando il primo afro-americano generale del Corpo dei Marines . Nel maggio 1983 \u00e8 avanzato al rango dei grandi generali, ed \u00e8 promosso tenente generale il 12 giugno 1986. Peterson \u00e8 anche il primo afro-americano a comandare una squadriglia [&hellip;]<\/p>\n","protected":false},"author":1,"featured_media":0,"comment_status":"open","ping_status":"open","sticky":false,"template":"","format":"standard","meta":{"footnotes":""},"categories":[],"tags":[],"class_list":["post-17268","post","type-post","status-publish","format-standard","hentry"],"_links":{"self":[{"href":"https:\/\/datastorica.it\/blog\/wp-json\/wp\/v2\/posts\/17268","targetHints":{"allow":["GET"]}}],"collection":[{"href":"https:\/\/datastorica.it\/blog\/wp-json\/wp\/v2\/posts"}],"about":[{"href":"https:\/\/datastorica.it\/blog\/wp-json\/wp\/v2\/types\/post"}],"author":[{"embeddable":true,"href":"https:\/\/datastorica.it\/blog\/wp-json\/wp\/v2\/users\/1"}],"replies":[{"embeddable":true,"href":"https:\/\/datastorica.it\/blog\/wp-json\/wp\/v2\/comments?post=17268"}],"version-history":[{"count":1,"href":"https:\/\/datastorica.it\/blog\/wp-json\/wp\/v2\/posts\/17268\/revisions"}],"predecessor-version":[{"id":17269,"href":"https:\/\/datastorica.it\/blog\/wp-json\/wp\/v2\/posts\/17268\/revisions\/17269"}],"wp:attachment":[{"href":"https:\/\/datastorica.it\/blog\/wp-json\/wp\/v2\/media?parent=17268"}],"wp:term":[{"taxonomy":"category","embeddable":true,"href":"https:\/\/datastorica.it\/blog\/wp-json\/wp\/v2\/categories?post=17268"},{"taxonomy":"post_tag","embeddable":true,"href":"https:\/\/datastorica.it\/blog\/wp-json\/wp\/v2\/tags?post=17268"}],"curies":[{"name":"wp","href":"https:\/\/api.w.org\/{rel}","templated":true}]}}