{"id":17425,"date":"2019-03-12T14:00:42","date_gmt":"2019-03-12T13:00:42","guid":{"rendered":"http:\/\/datastorica.agenziacalendario.com\/?p=17425"},"modified":"2019-03-12T10:02:20","modified_gmt":"2019-03-12T09:02:20","slug":"30-anni-fa-annunciato-il-protocollo-che-da-origine-a-internet","status":"publish","type":"post","link":"https:\/\/datastorica.it\/blog\/2019\/03\/12\/30-anni-fa-annunciato-il-protocollo-che-da-origine-a-internet\/","title":{"rendered":"30 anni fa annunciato il protocollo che da origine a internet"},"content":{"rendered":"<p>Il 12 marzo 1989 a Ginevra (Svizzera) Tim Berners Lee presenta al suo supervisore al Cern il documento &#8216;Information Management: a Proposal&#8217;, che serve a rendere pi\u00f9 agevole la distribuzione di dati scientifici tra gli scienziati e rappresenta la base teorica della rete Internet, E fa la storia: sulla base di quel documento il primo sito viene lanciato nel 1991 e da allora Internet \u00e8 esploso spalancando le porte ad un modo nuovo di comunicare, informarsi, lavorare, inventare. Eppure queste porte sono ancora chiuse per tanti: sono due miliardi le persone per cui il web \u00e8 inaccessibile perch\u00e9 fuori dalla portata delle loro tasche o perch\u00e9 non ci sono investimenti tecnologici nei paesi in cui vivono. Mentre la pi\u00f9 grande preoccupazione per gli utenti connessi riguarda la sicurezza e la privacy. Nel giro di due anni Berners-Lee e un altro ricercatore, Robert Cailliau, costruiscono le fondamenta del Web e realizzano anche il primo browser, il programma per sfogliare le pagine del web. Il fisico viene insignito del titolo di &#8216;Sir&#8217; dalla Regina Elisabetta II, attualmente \u00e8 il direttore del Consorzio del World Wide Web, con il quale continua a guardare allo sviluppo della rete. Proprio questa organizzazione, in base alla elaborazione dei dati Onu, pochi mesi fa certificato un rallentamento nel numero di persone su Internet, con una brusca battuta d&#8217;arresto dal 2015, nonostante la propulsivit\u00e0 della Cina. Secondo l&#8217;ultima analisi della Alliance for Affordable Internet (A4Ai), essere connessi rimane letteralmente un sogno per due miliardi di persone nel mondo, i pi\u00f9 poveri e le donne sono i pi\u00f9 colpiti.<\/p>\n","protected":false},"excerpt":{"rendered":"<p>Il 12 marzo 1989 a Ginevra (Svizzera) Tim Berners Lee presenta al suo supervisore al Cern il documento &#8216;Information Management: a Proposal&#8217;, che serve a rendere pi\u00f9 agevole la distribuzione di dati scientifici tra gli scienziati e rappresenta la base teorica della rete Internet, E fa la storia: sulla base di quel documento il primo [&hellip;]<\/p>\n","protected":false},"author":1,"featured_media":0,"comment_status":"open","ping_status":"open","sticky":false,"template":"","format":"standard","meta":{"footnotes":""},"categories":[],"tags":[],"class_list":["post-17425","post","type-post","status-publish","format-standard","hentry"],"_links":{"self":[{"href":"https:\/\/datastorica.it\/blog\/wp-json\/wp\/v2\/posts\/17425","targetHints":{"allow":["GET"]}}],"collection":[{"href":"https:\/\/datastorica.it\/blog\/wp-json\/wp\/v2\/posts"}],"about":[{"href":"https:\/\/datastorica.it\/blog\/wp-json\/wp\/v2\/types\/post"}],"author":[{"embeddable":true,"href":"https:\/\/datastorica.it\/blog\/wp-json\/wp\/v2\/users\/1"}],"replies":[{"embeddable":true,"href":"https:\/\/datastorica.it\/blog\/wp-json\/wp\/v2\/comments?post=17425"}],"version-history":[{"count":1,"href":"https:\/\/datastorica.it\/blog\/wp-json\/wp\/v2\/posts\/17425\/revisions"}],"predecessor-version":[{"id":17426,"href":"https:\/\/datastorica.it\/blog\/wp-json\/wp\/v2\/posts\/17425\/revisions\/17426"}],"wp:attachment":[{"href":"https:\/\/datastorica.it\/blog\/wp-json\/wp\/v2\/media?parent=17425"}],"wp:term":[{"taxonomy":"category","embeddable":true,"href":"https:\/\/datastorica.it\/blog\/wp-json\/wp\/v2\/categories?post=17425"},{"taxonomy":"post_tag","embeddable":true,"href":"https:\/\/datastorica.it\/blog\/wp-json\/wp\/v2\/tags?post=17425"}],"curies":[{"name":"wp","href":"https:\/\/api.w.org\/{rel}","templated":true}]}}