{"id":17518,"date":"2019-03-18T20:02:51","date_gmt":"2019-03-18T19:02:51","guid":{"rendered":"http:\/\/datastorica.agenziacalendario.com\/?p=17518"},"modified":"2019-03-18T20:02:51","modified_gmt":"2019-03-18T19:02:51","slug":"30-anni-fa-crolla-improvvisamente-la-torre-civica-quattro-vittime","status":"publish","type":"post","link":"https:\/\/datastorica.it\/blog\/2019\/03\/18\/30-anni-fa-crolla-improvvisamente-la-torre-civica-quattro-vittime\/","title":{"rendered":"30 anni fa crolla improvvisamente la Torre Civica: quattro vittime"},"content":{"rendered":"<p>Il 17 marzo 1989, intorno alle nove, crolla improvvisamente la Torre Civica di Pavia, provocando quattro vittime che perdono la vita sotto le macerie: Barbara Cassani, Adriana Uggetti, Giulio Fontana e Pia Casella Comaschi. Il cedimento improvviso della costruzione medievale adiacente al Duomo avrebbe potuto assumere proporzioni maggiori perch\u00e9 a quell&#8217;ora la centralissima piazza del Duomo \u00e8 un crocevia nodale. Si aprir\u00e0 una querelle sulla necessit\u00e0 o meno di ricostruire il simbolo scomparso, e al contempo verr\u00e0 puntato il faro sull&#8217;instabilit\u00e0 strutturale del Duomo, in particolare della cupola bramantesca, per cui inizier\u00e0 una colossale opera di restauro di tutto il Duomo.<\/p>\n","protected":false},"excerpt":{"rendered":"<p>Il 17 marzo 1989, intorno alle nove, crolla improvvisamente la Torre Civica di Pavia, provocando quattro vittime che perdono la vita sotto le macerie: Barbara Cassani, Adriana Uggetti, Giulio Fontana e Pia Casella Comaschi. Il cedimento improvviso della costruzione medievale adiacente al Duomo avrebbe potuto assumere proporzioni maggiori perch\u00e9 a quell&#8217;ora la centralissima piazza del [&hellip;]<\/p>\n","protected":false},"author":1,"featured_media":0,"comment_status":"open","ping_status":"open","sticky":false,"template":"","format":"standard","meta":{"footnotes":""},"categories":[],"tags":[],"class_list":["post-17518","post","type-post","status-publish","format-standard","hentry"],"_links":{"self":[{"href":"https:\/\/datastorica.it\/blog\/wp-json\/wp\/v2\/posts\/17518","targetHints":{"allow":["GET"]}}],"collection":[{"href":"https:\/\/datastorica.it\/blog\/wp-json\/wp\/v2\/posts"}],"about":[{"href":"https:\/\/datastorica.it\/blog\/wp-json\/wp\/v2\/types\/post"}],"author":[{"embeddable":true,"href":"https:\/\/datastorica.it\/blog\/wp-json\/wp\/v2\/users\/1"}],"replies":[{"embeddable":true,"href":"https:\/\/datastorica.it\/blog\/wp-json\/wp\/v2\/comments?post=17518"}],"version-history":[{"count":1,"href":"https:\/\/datastorica.it\/blog\/wp-json\/wp\/v2\/posts\/17518\/revisions"}],"predecessor-version":[{"id":17519,"href":"https:\/\/datastorica.it\/blog\/wp-json\/wp\/v2\/posts\/17518\/revisions\/17519"}],"wp:attachment":[{"href":"https:\/\/datastorica.it\/blog\/wp-json\/wp\/v2\/media?parent=17518"}],"wp:term":[{"taxonomy":"category","embeddable":true,"href":"https:\/\/datastorica.it\/blog\/wp-json\/wp\/v2\/categories?post=17518"},{"taxonomy":"post_tag","embeddable":true,"href":"https:\/\/datastorica.it\/blog\/wp-json\/wp\/v2\/tags?post=17518"}],"curies":[{"name":"wp","href":"https:\/\/api.w.org\/{rel}","templated":true}]}}