{"id":17540,"date":"2019-03-20T11:00:31","date_gmt":"2019-03-20T10:00:31","guid":{"rendered":"http:\/\/datastorica.agenziacalendario.com\/?p=17540"},"modified":"2019-03-19T15:34:59","modified_gmt":"2019-03-19T14:34:59","slug":"70-anni-fa-nasce-il-cardinale-josip-bozanic-arcivescovo-di-zagabria","status":"publish","type":"post","link":"https:\/\/datastorica.it\/blog\/2019\/03\/20\/70-anni-fa-nasce-il-cardinale-josip-bozanic-arcivescovo-di-zagabria\/","title":{"rendered":"70 anni fa nasce il cardinale Josip Bozanic, arcivescovo di Zagabria"},"content":{"rendered":"<p>Il 20 marzo 1949 nasce a Rijeka \/Fiume (Croazia) il cardinale Josip Bozanic, arcivescovo di Zagabria. Ordinato sacerdote il 29 giugno 1975, papa Giovanni Paolo II lo nomina Vescovo coadiutore di Krk il 10 maggio 1989 e il 14 novembre 1989 diventato Vescovo diocesano di Krk. Il 5 luglio 1997 \u00e8 nominato Arcivescovo Metropolita di Zagabria, succedendo al Cardinale Franjo Kuhari\u0107. Papa Giovanni Paolo II lo crea Cardinale nel Concistoro del 21 ottobre 2003. \u00c8 membro della Congregazione per il Culto Divino e la Disciplina dei Sacramenti; del Pontificio Consiglio per i Laici; del Consiglio Speciale per l\u00b4Europa della Segreteria Generale del Sinodo dei Vescovi.<\/p>\n","protected":false},"excerpt":{"rendered":"<p>Il 20 marzo 1949 nasce a Rijeka \/Fiume (Croazia) il cardinale Josip Bozanic, arcivescovo di Zagabria. Ordinato sacerdote il 29 giugno 1975, papa Giovanni Paolo II lo nomina Vescovo coadiutore di Krk il 10 maggio 1989 e il 14 novembre 1989 diventato Vescovo diocesano di Krk. Il 5 luglio 1997 \u00e8 nominato Arcivescovo Metropolita di [&hellip;]<\/p>\n","protected":false},"author":1,"featured_media":0,"comment_status":"open","ping_status":"open","sticky":false,"template":"","format":"standard","meta":{"footnotes":""},"categories":[],"tags":[],"class_list":["post-17540","post","type-post","status-publish","format-standard","hentry"],"_links":{"self":[{"href":"https:\/\/datastorica.it\/blog\/wp-json\/wp\/v2\/posts\/17540","targetHints":{"allow":["GET"]}}],"collection":[{"href":"https:\/\/datastorica.it\/blog\/wp-json\/wp\/v2\/posts"}],"about":[{"href":"https:\/\/datastorica.it\/blog\/wp-json\/wp\/v2\/types\/post"}],"author":[{"embeddable":true,"href":"https:\/\/datastorica.it\/blog\/wp-json\/wp\/v2\/users\/1"}],"replies":[{"embeddable":true,"href":"https:\/\/datastorica.it\/blog\/wp-json\/wp\/v2\/comments?post=17540"}],"version-history":[{"count":1,"href":"https:\/\/datastorica.it\/blog\/wp-json\/wp\/v2\/posts\/17540\/revisions"}],"predecessor-version":[{"id":17541,"href":"https:\/\/datastorica.it\/blog\/wp-json\/wp\/v2\/posts\/17540\/revisions\/17541"}],"wp:attachment":[{"href":"https:\/\/datastorica.it\/blog\/wp-json\/wp\/v2\/media?parent=17540"}],"wp:term":[{"taxonomy":"category","embeddable":true,"href":"https:\/\/datastorica.it\/blog\/wp-json\/wp\/v2\/categories?post=17540"},{"taxonomy":"post_tag","embeddable":true,"href":"https:\/\/datastorica.it\/blog\/wp-json\/wp\/v2\/tags?post=17540"}],"curies":[{"name":"wp","href":"https:\/\/api.w.org\/{rel}","templated":true}]}}