{"id":17553,"date":"2019-03-21T11:00:55","date_gmt":"2019-03-21T10:00:55","guid":{"rendered":"http:\/\/datastorica.agenziacalendario.com\/?p=17553"},"modified":"2019-03-21T09:11:55","modified_gmt":"2019-03-21T08:11:55","slug":"70-anni-fa-nasce-il-filosofo-e-psicanalista-slavoj-zizek","status":"publish","type":"post","link":"https:\/\/datastorica.it\/blog\/2019\/03\/21\/70-anni-fa-nasce-il-filosofo-e-psicanalista-slavoj-zizek\/","title":{"rendered":"70 anni fa nasce il filosofo e psicanalista Slavoj Zizek"},"content":{"rendered":"<p>Il 21 marzo 1949 nasce a Lubiana (Slovenia) il filosofo e psicanalista Slavoj Zizek. Rivisita la filosofia marxista secondo il pensiero psicoanalitico di Lacan e scrive su argomenti disparati per\u00f2 di grande attualit\u00e0. Il suo stile filosofico si caratterizza per la capacit\u00e0 di trattare filosofia e psicanalisi facendo riferimento alla letteratura e la cultura contemporanei. Zizek \u00e8 ricercatore all&#8217;Istituto di Sociologia dell&#8217;Universit\u00e0 di Lubiana, e docente all&#8217;European Graduate School e Direttore del Birkbeck Institute for the Humanities presso l&#8217;Universit\u00e0 di Londra (Inghilterra)..<\/p>\n","protected":false},"excerpt":{"rendered":"<p>Il 21 marzo 1949 nasce a Lubiana (Slovenia) il filosofo e psicanalista Slavoj Zizek. Rivisita la filosofia marxista secondo il pensiero psicoanalitico di Lacan e scrive su argomenti disparati per\u00f2 di grande attualit\u00e0. Il suo stile filosofico si caratterizza per la capacit\u00e0 di trattare filosofia e psicanalisi facendo riferimento alla letteratura e la cultura contemporanei. [&hellip;]<\/p>\n","protected":false},"author":1,"featured_media":0,"comment_status":"open","ping_status":"open","sticky":false,"template":"","format":"standard","meta":{"footnotes":""},"categories":[],"tags":[],"class_list":["post-17553","post","type-post","status-publish","format-standard","hentry"],"_links":{"self":[{"href":"https:\/\/datastorica.it\/blog\/wp-json\/wp\/v2\/posts\/17553","targetHints":{"allow":["GET"]}}],"collection":[{"href":"https:\/\/datastorica.it\/blog\/wp-json\/wp\/v2\/posts"}],"about":[{"href":"https:\/\/datastorica.it\/blog\/wp-json\/wp\/v2\/types\/post"}],"author":[{"embeddable":true,"href":"https:\/\/datastorica.it\/blog\/wp-json\/wp\/v2\/users\/1"}],"replies":[{"embeddable":true,"href":"https:\/\/datastorica.it\/blog\/wp-json\/wp\/v2\/comments?post=17553"}],"version-history":[{"count":1,"href":"https:\/\/datastorica.it\/blog\/wp-json\/wp\/v2\/posts\/17553\/revisions"}],"predecessor-version":[{"id":17554,"href":"https:\/\/datastorica.it\/blog\/wp-json\/wp\/v2\/posts\/17553\/revisions\/17554"}],"wp:attachment":[{"href":"https:\/\/datastorica.it\/blog\/wp-json\/wp\/v2\/media?parent=17553"}],"wp:term":[{"taxonomy":"category","embeddable":true,"href":"https:\/\/datastorica.it\/blog\/wp-json\/wp\/v2\/categories?post=17553"},{"taxonomy":"post_tag","embeddable":true,"href":"https:\/\/datastorica.it\/blog\/wp-json\/wp\/v2\/tags?post=17553"}],"curies":[{"name":"wp","href":"https:\/\/api.w.org\/{rel}","templated":true}]}}