{"id":17599,"date":"2019-03-23T09:33:09","date_gmt":"2019-03-23T08:33:09","guid":{"rendered":"http:\/\/datastorica.agenziacalendario.com\/?p=17599"},"modified":"2019-03-22T17:04:26","modified_gmt":"2019-03-22T16:04:26","slug":"170-anni-fa-iniziano-le-dieci-giornate-contro-gli-austriaci","status":"publish","type":"post","link":"https:\/\/datastorica.it\/blog\/2019\/03\/23\/170-anni-fa-iniziano-le-dieci-giornate-contro-gli-austriaci\/","title":{"rendered":"170 anni fa iniziano le dieci giornate contro gli Austriaci"},"content":{"rendered":"<p>Il 23 marzo 1849 nella giornata della sconfitta di Carlo Alberto a Novara, Brescia insorge contro gli Austriaci non credendo nelle notizie provenienti dal Piemonte e la sommossa dura dieci giorni, sino all&#8217;1 aprile. La citt\u00e0 sar\u00e0 chiamata &#8220;leonessa d&#8217;Italia&#8221; per la coraggiosa battaglia condotta ma dovr\u00e0 subire un atroce saccheggio comandato da Julius Jacob Haynau.<\/p>\n","protected":false},"excerpt":{"rendered":"<p>Il 23 marzo 1849 nella giornata della sconfitta di Carlo Alberto a Novara, Brescia insorge contro gli Austriaci non credendo nelle notizie provenienti dal Piemonte e la sommossa dura dieci giorni, sino all&#8217;1 aprile. La citt\u00e0 sar\u00e0 chiamata &#8220;leonessa d&#8217;Italia&#8221; per la coraggiosa battaglia condotta ma dovr\u00e0 subire un atroce saccheggio comandato da Julius Jacob [&hellip;]<\/p>\n","protected":false},"author":1,"featured_media":0,"comment_status":"open","ping_status":"open","sticky":false,"template":"","format":"standard","meta":{"footnotes":""},"categories":[],"tags":[],"class_list":["post-17599","post","type-post","status-publish","format-standard","hentry"],"_links":{"self":[{"href":"https:\/\/datastorica.it\/blog\/wp-json\/wp\/v2\/posts\/17599","targetHints":{"allow":["GET"]}}],"collection":[{"href":"https:\/\/datastorica.it\/blog\/wp-json\/wp\/v2\/posts"}],"about":[{"href":"https:\/\/datastorica.it\/blog\/wp-json\/wp\/v2\/types\/post"}],"author":[{"embeddable":true,"href":"https:\/\/datastorica.it\/blog\/wp-json\/wp\/v2\/users\/1"}],"replies":[{"embeddable":true,"href":"https:\/\/datastorica.it\/blog\/wp-json\/wp\/v2\/comments?post=17599"}],"version-history":[{"count":1,"href":"https:\/\/datastorica.it\/blog\/wp-json\/wp\/v2\/posts\/17599\/revisions"}],"predecessor-version":[{"id":17600,"href":"https:\/\/datastorica.it\/blog\/wp-json\/wp\/v2\/posts\/17599\/revisions\/17600"}],"wp:attachment":[{"href":"https:\/\/datastorica.it\/blog\/wp-json\/wp\/v2\/media?parent=17599"}],"wp:term":[{"taxonomy":"category","embeddable":true,"href":"https:\/\/datastorica.it\/blog\/wp-json\/wp\/v2\/categories?post=17599"},{"taxonomy":"post_tag","embeddable":true,"href":"https:\/\/datastorica.it\/blog\/wp-json\/wp\/v2\/tags?post=17599"}],"curies":[{"name":"wp","href":"https:\/\/api.w.org\/{rel}","templated":true}]}}