{"id":17632,"date":"2019-03-26T11:00:16","date_gmt":"2019-03-26T10:00:16","guid":{"rendered":"http:\/\/datastorica.agenziacalendario.com\/?p=17632"},"modified":"2019-03-27T14:53:57","modified_gmt":"2019-03-27T13:53:57","slug":"70-anni-fa-nasce-lo-scrittore-sceneggiatore-e-drammaturgo-patrick-suskind","status":"publish","type":"post","link":"https:\/\/datastorica.it\/blog\/2019\/03\/26\/70-anni-fa-nasce-lo-scrittore-sceneggiatore-e-drammaturgo-patrick-suskind\/","title":{"rendered":"70 anni fa nasce lo scrittore, sceneggiatore e drammaturgo Patrick Suskind"},"content":{"rendered":"<p>Il 26 marzo 1949 nasce a M\u00fcnsing (Baviera, Germania) lo scrittore, sceneggiatore e drammaturgo Patrick Suskind. Il suo romanzo pi\u00f9 noto \u00e8 &#8220;Il profumo &#8220;(1985) che diventa un bestseller mondiale, tradotto in pi\u00f9 di venti lingue. Schivo di carattere, concede rare interviste ed evita di mostrarsi in eventi pubblici, rifiuta importanti premi letterari tedeschi quali il Gutenberg, il Tukan e il FAZ.<\/p>\n","protected":false},"excerpt":{"rendered":"<p>Il 26 marzo 1949 nasce a M\u00fcnsing (Baviera, Germania) lo scrittore, sceneggiatore e drammaturgo Patrick Suskind. Il suo romanzo pi\u00f9 noto \u00e8 &#8220;Il profumo &#8220;(1985) che diventa un bestseller mondiale, tradotto in pi\u00f9 di venti lingue. Schivo di carattere, concede rare interviste ed evita di mostrarsi in eventi pubblici, rifiuta importanti premi letterari tedeschi quali [&hellip;]<\/p>\n","protected":false},"author":1,"featured_media":0,"comment_status":"open","ping_status":"open","sticky":false,"template":"","format":"standard","meta":{"footnotes":""},"categories":[],"tags":[],"class_list":["post-17632","post","type-post","status-publish","format-standard","hentry"],"_links":{"self":[{"href":"https:\/\/datastorica.it\/blog\/wp-json\/wp\/v2\/posts\/17632","targetHints":{"allow":["GET"]}}],"collection":[{"href":"https:\/\/datastorica.it\/blog\/wp-json\/wp\/v2\/posts"}],"about":[{"href":"https:\/\/datastorica.it\/blog\/wp-json\/wp\/v2\/types\/post"}],"author":[{"embeddable":true,"href":"https:\/\/datastorica.it\/blog\/wp-json\/wp\/v2\/users\/1"}],"replies":[{"embeddable":true,"href":"https:\/\/datastorica.it\/blog\/wp-json\/wp\/v2\/comments?post=17632"}],"version-history":[{"count":1,"href":"https:\/\/datastorica.it\/blog\/wp-json\/wp\/v2\/posts\/17632\/revisions"}],"predecessor-version":[{"id":17633,"href":"https:\/\/datastorica.it\/blog\/wp-json\/wp\/v2\/posts\/17632\/revisions\/17633"}],"wp:attachment":[{"href":"https:\/\/datastorica.it\/blog\/wp-json\/wp\/v2\/media?parent=17632"}],"wp:term":[{"taxonomy":"category","embeddable":true,"href":"https:\/\/datastorica.it\/blog\/wp-json\/wp\/v2\/categories?post=17632"},{"taxonomy":"post_tag","embeddable":true,"href":"https:\/\/datastorica.it\/blog\/wp-json\/wp\/v2\/tags?post=17632"}],"curies":[{"name":"wp","href":"https:\/\/api.w.org\/{rel}","templated":true}]}}