{"id":20694,"date":"2019-09-06T11:30:13","date_gmt":"2019-09-06T09:30:13","guid":{"rendered":"http:\/\/datastorica.agenziacalendario.com\/?p=20694"},"modified":"2019-09-06T09:33:38","modified_gmt":"2019-09-06T07:33:38","slug":"80-anni-fa-ii-guerra-mondiale-il-sudafrica-dichiara-guerra-alla-germania","status":"publish","type":"post","link":"https:\/\/datastorica.it\/blog\/2019\/09\/06\/80-anni-fa-ii-guerra-mondiale-il-sudafrica-dichiara-guerra-alla-germania\/","title":{"rendered":"80 anni fa, II Guerra mondiale: il Sudafrica dichiara guerra alla Germania."},"content":{"rendered":"<p>Il 6 settembre 1939 il Sudafrica dichiara guerra alla Germania. La dichiarazione di guerra della Gran Bretagna alla Germania significa per il Sudafrica un nuovo riavvicinamento agli inglesi e ci\u00f2 determina la fine della presidenza Hertzog, il quale, attestato su posizioni di neutralit\u00e0, \u00e8 costretto a lasciare il posto a Smuts che, il 6 settembre 1939, dichiara guerra alla Germania. Il paese non \u00e8 per\u00f2 tutto allineato con la decisione presa dal nuovo presidente; le forze armate sudafricane coinvolte nella guerra sono composte da volontari. Una parte della popolazione simpatizza per la Germania nazista, tanto che sorge, all\u2019interno del paese, un movimento filonazista che mette in atto una serie di campagne terroristiche contro il governo.<\/p>\n","protected":false},"excerpt":{"rendered":"<p>Il 6 settembre 1939 il Sudafrica dichiara guerra alla Germania. La dichiarazione di guerra della Gran Bretagna alla Germania significa per il Sudafrica un nuovo riavvicinamento agli inglesi e ci\u00f2 determina la fine della presidenza Hertzog, il quale, attestato su posizioni di neutralit\u00e0, \u00e8 costretto a lasciare il posto a Smuts che, il 6 settembre [&hellip;]<\/p>\n","protected":false},"author":1,"featured_media":0,"comment_status":"open","ping_status":"open","sticky":false,"template":"","format":"standard","meta":{"footnotes":""},"categories":[],"tags":[],"class_list":["post-20694","post","type-post","status-publish","format-standard","hentry"],"_links":{"self":[{"href":"https:\/\/datastorica.it\/blog\/wp-json\/wp\/v2\/posts\/20694","targetHints":{"allow":["GET"]}}],"collection":[{"href":"https:\/\/datastorica.it\/blog\/wp-json\/wp\/v2\/posts"}],"about":[{"href":"https:\/\/datastorica.it\/blog\/wp-json\/wp\/v2\/types\/post"}],"author":[{"embeddable":true,"href":"https:\/\/datastorica.it\/blog\/wp-json\/wp\/v2\/users\/1"}],"replies":[{"embeddable":true,"href":"https:\/\/datastorica.it\/blog\/wp-json\/wp\/v2\/comments?post=20694"}],"version-history":[{"count":1,"href":"https:\/\/datastorica.it\/blog\/wp-json\/wp\/v2\/posts\/20694\/revisions"}],"predecessor-version":[{"id":20695,"href":"https:\/\/datastorica.it\/blog\/wp-json\/wp\/v2\/posts\/20694\/revisions\/20695"}],"wp:attachment":[{"href":"https:\/\/datastorica.it\/blog\/wp-json\/wp\/v2\/media?parent=20694"}],"wp:term":[{"taxonomy":"category","embeddable":true,"href":"https:\/\/datastorica.it\/blog\/wp-json\/wp\/v2\/categories?post=20694"},{"taxonomy":"post_tag","embeddable":true,"href":"https:\/\/datastorica.it\/blog\/wp-json\/wp\/v2\/tags?post=20694"}],"curies":[{"name":"wp","href":"https:\/\/api.w.org\/{rel}","templated":true}]}}