{"id":21379,"date":"2019-10-04T12:30:06","date_gmt":"2019-10-04T10:30:06","guid":{"rendered":"http:\/\/datastorica.agenziacalendario.com\/?p=21379"},"modified":"2019-10-04T10:17:23","modified_gmt":"2019-10-04T08:17:23","slug":"50-anni-fa-inaugurata-dal-presidente-saragat-la-linea-2-della-metropolitana","status":"publish","type":"post","link":"https:\/\/datastorica.it\/blog\/2019\/10\/04\/50-anni-fa-inaugurata-dal-presidente-saragat-la-linea-2-della-metropolitana\/","title":{"rendered":"50 anni fa inaugurata dal Presidente Saragat la linea 2 della metropolitana"},"content":{"rendered":"<p>Il 4 ottobre 1969 a Milano viene ufficialmente inaugurata alla presenza delle istituzioni dell\u2019epoca, tra cui il presidente della Repubblica Giuseppe Saragat, la linea 2 &#8220;Verde&#8221;della Metropolitana milanese. aperta al pubblico il 27 settembre 1969 il percorso \u00e8 per ora limitato alla tratta Caiazzo-Cascina Gobba. A 50 anni di distanza, con i suoi 40 km di binari e 35 stazioni \u00e8 la linea metropolitana pi\u00f9 lunga della rete milanese e con 120 milioni di passeggeri nel 2018 (+5,6% rispetto al 2017).<\/p>\n","protected":false},"excerpt":{"rendered":"<p>Il 4 ottobre 1969 a Milano viene ufficialmente inaugurata alla presenza delle istituzioni dell\u2019epoca, tra cui il presidente della Repubblica Giuseppe Saragat, la linea 2 &#8220;Verde&#8221;della Metropolitana milanese. aperta al pubblico il 27 settembre 1969 il percorso \u00e8 per ora limitato alla tratta Caiazzo-Cascina Gobba. A 50 anni di distanza, con i suoi 40 km [&hellip;]<\/p>\n","protected":false},"author":1,"featured_media":0,"comment_status":"open","ping_status":"open","sticky":false,"template":"","format":"standard","meta":{"footnotes":""},"categories":[],"tags":[],"class_list":["post-21379","post","type-post","status-publish","format-standard","hentry"],"_links":{"self":[{"href":"https:\/\/datastorica.it\/blog\/wp-json\/wp\/v2\/posts\/21379","targetHints":{"allow":["GET"]}}],"collection":[{"href":"https:\/\/datastorica.it\/blog\/wp-json\/wp\/v2\/posts"}],"about":[{"href":"https:\/\/datastorica.it\/blog\/wp-json\/wp\/v2\/types\/post"}],"author":[{"embeddable":true,"href":"https:\/\/datastorica.it\/blog\/wp-json\/wp\/v2\/users\/1"}],"replies":[{"embeddable":true,"href":"https:\/\/datastorica.it\/blog\/wp-json\/wp\/v2\/comments?post=21379"}],"version-history":[{"count":1,"href":"https:\/\/datastorica.it\/blog\/wp-json\/wp\/v2\/posts\/21379\/revisions"}],"predecessor-version":[{"id":21380,"href":"https:\/\/datastorica.it\/blog\/wp-json\/wp\/v2\/posts\/21379\/revisions\/21380"}],"wp:attachment":[{"href":"https:\/\/datastorica.it\/blog\/wp-json\/wp\/v2\/media?parent=21379"}],"wp:term":[{"taxonomy":"category","embeddable":true,"href":"https:\/\/datastorica.it\/blog\/wp-json\/wp\/v2\/categories?post=21379"},{"taxonomy":"post_tag","embeddable":true,"href":"https:\/\/datastorica.it\/blog\/wp-json\/wp\/v2\/tags?post=21379"}],"curies":[{"name":"wp","href":"https:\/\/api.w.org\/{rel}","templated":true}]}}