{"id":21383,"date":"2019-10-04T13:30:06","date_gmt":"2019-10-04T11:30:06","guid":{"rendered":"http:\/\/datastorica.agenziacalendario.com\/?p=21383"},"modified":"2019-10-04T10:20:28","modified_gmt":"2019-10-04T08:20:28","slug":"20-anni-fa-imprenditori-riuniti-contro-la-legge-sulle-35-ore","status":"publish","type":"post","link":"https:\/\/datastorica.it\/blog\/2019\/10\/04\/20-anni-fa-imprenditori-riuniti-contro-la-legge-sulle-35-ore\/","title":{"rendered":"20 anni fa imprenditori riuniti contro la legge sulle 35 ore"},"content":{"rendered":"<p>Il 4 ottobre 1999 a Parigi (Francia) dentro l&#8217; immenso spazio della fiera alla porta di Versailles si ritrovano 30.000 imprenditori francesi per protestare contro l&#8217;introduzione della legge sulle 35 ore settimanali. Con la legge vengono fissati i compensi degli straordinari e il limite delle ore supplementari e si stabilisce che l&#8217; orario annuo comunque non deve superare le 1.600 ore. Il salario minimo resta invariato anche se la durata del lavoro si riduce, provocando un aumento dei costi. Quel che pi\u00f9 preoccupa gli imprenditori (e fa riflettere molti anche nella sinistra) \u00e8 lo scarso impatto che finora ha avuto la riduzione d&#8217; orario: 122 mila posti sono stati creati o per lo pi\u00f9 salvati; mentre la ripresa economica ne ha generati 550 mila.<\/p>\n","protected":false},"excerpt":{"rendered":"<p>Il 4 ottobre 1999 a Parigi (Francia) dentro l&#8217; immenso spazio della fiera alla porta di Versailles si ritrovano 30.000 imprenditori francesi per protestare contro l&#8217;introduzione della legge sulle 35 ore settimanali. Con la legge vengono fissati i compensi degli straordinari e il limite delle ore supplementari e si stabilisce che l&#8217; orario annuo comunque [&hellip;]<\/p>\n","protected":false},"author":1,"featured_media":0,"comment_status":"open","ping_status":"open","sticky":false,"template":"","format":"standard","meta":{"footnotes":""},"categories":[],"tags":[],"class_list":["post-21383","post","type-post","status-publish","format-standard","hentry"],"_links":{"self":[{"href":"https:\/\/datastorica.it\/blog\/wp-json\/wp\/v2\/posts\/21383","targetHints":{"allow":["GET"]}}],"collection":[{"href":"https:\/\/datastorica.it\/blog\/wp-json\/wp\/v2\/posts"}],"about":[{"href":"https:\/\/datastorica.it\/blog\/wp-json\/wp\/v2\/types\/post"}],"author":[{"embeddable":true,"href":"https:\/\/datastorica.it\/blog\/wp-json\/wp\/v2\/users\/1"}],"replies":[{"embeddable":true,"href":"https:\/\/datastorica.it\/blog\/wp-json\/wp\/v2\/comments?post=21383"}],"version-history":[{"count":1,"href":"https:\/\/datastorica.it\/blog\/wp-json\/wp\/v2\/posts\/21383\/revisions"}],"predecessor-version":[{"id":21384,"href":"https:\/\/datastorica.it\/blog\/wp-json\/wp\/v2\/posts\/21383\/revisions\/21384"}],"wp:attachment":[{"href":"https:\/\/datastorica.it\/blog\/wp-json\/wp\/v2\/media?parent=21383"}],"wp:term":[{"taxonomy":"category","embeddable":true,"href":"https:\/\/datastorica.it\/blog\/wp-json\/wp\/v2\/categories?post=21383"},{"taxonomy":"post_tag","embeddable":true,"href":"https:\/\/datastorica.it\/blog\/wp-json\/wp\/v2\/tags?post=21383"}],"curies":[{"name":"wp","href":"https:\/\/api.w.org\/{rel}","templated":true}]}}