{"id":21418,"date":"2019-10-08T11:00:46","date_gmt":"2019-10-08T09:00:46","guid":{"rendered":"http:\/\/datastorica.agenziacalendario.com\/?p=21418"},"modified":"2019-10-08T11:04:23","modified_gmt":"2019-10-08T09:04:23","slug":"90-anni-fa-calcio-nasce-valdir-pereira-detto-didi-vince-due-titoli-mondiali","status":"publish","type":"post","link":"https:\/\/datastorica.it\/blog\/2019\/10\/08\/90-anni-fa-calcio-nasce-valdir-pereira-detto-didi-vince-due-titoli-mondiali\/","title":{"rendered":"90 anni fa, Calcio: nasce Valdir Pereira, detto Did\u00ec, vince due titoli mondiali"},"content":{"rendered":"<p>L&#8217;8 ottobre 1929 nasce a Campos dos Goytacazes (Brasile) il calciatore Valdir Pereira, detto Didi. Considerato uno dei migliori giocatori del calcio mondiale nel ruolo di regista vince 2 mondiali (nel 1958 in Svezia e nel 1962 in Cile) con la nazionale del Brasile, la cui linea d&#8217;attacco \u00e8 la mitica Garrincha, Did\u00ec, Vav\u00e0, Pel\u00e8, Zagalo. Nella sua breve permanenza nel Real Madrid conquista la Coppa dei Campioni (1959\/60). Did\u00ec, questo il suo nomignolo, terminata la sua esaltante carriera di calciatore, diventa allenatore del Botafogo, del Fluminense e del Per\u00f9 ai Mondiali 1970. Did\u00ec muore il 12 maggio 2001 a Rio de Janeiro (Brasile).<\/p>\n","protected":false},"excerpt":{"rendered":"<p>L&#8217;8 ottobre 1929 nasce a Campos dos Goytacazes (Brasile) il calciatore Valdir Pereira, detto Didi. Considerato uno dei migliori giocatori del calcio mondiale nel ruolo di regista vince 2 mondiali (nel 1958 in Svezia e nel 1962 in Cile) con la nazionale del Brasile, la cui linea d&#8217;attacco \u00e8 la mitica Garrincha, Did\u00ec, Vav\u00e0, Pel\u00e8, [&hellip;]<\/p>\n","protected":false},"author":1,"featured_media":0,"comment_status":"open","ping_status":"open","sticky":false,"template":"","format":"standard","meta":{"footnotes":""},"categories":[],"tags":[],"class_list":["post-21418","post","type-post","status-publish","format-standard","hentry"],"_links":{"self":[{"href":"https:\/\/datastorica.it\/blog\/wp-json\/wp\/v2\/posts\/21418","targetHints":{"allow":["GET"]}}],"collection":[{"href":"https:\/\/datastorica.it\/blog\/wp-json\/wp\/v2\/posts"}],"about":[{"href":"https:\/\/datastorica.it\/blog\/wp-json\/wp\/v2\/types\/post"}],"author":[{"embeddable":true,"href":"https:\/\/datastorica.it\/blog\/wp-json\/wp\/v2\/users\/1"}],"replies":[{"embeddable":true,"href":"https:\/\/datastorica.it\/blog\/wp-json\/wp\/v2\/comments?post=21418"}],"version-history":[{"count":1,"href":"https:\/\/datastorica.it\/blog\/wp-json\/wp\/v2\/posts\/21418\/revisions"}],"predecessor-version":[{"id":21419,"href":"https:\/\/datastorica.it\/blog\/wp-json\/wp\/v2\/posts\/21418\/revisions\/21419"}],"wp:attachment":[{"href":"https:\/\/datastorica.it\/blog\/wp-json\/wp\/v2\/media?parent=21418"}],"wp:term":[{"taxonomy":"category","embeddable":true,"href":"https:\/\/datastorica.it\/blog\/wp-json\/wp\/v2\/categories?post=21418"},{"taxonomy":"post_tag","embeddable":true,"href":"https:\/\/datastorica.it\/blog\/wp-json\/wp\/v2\/tags?post=21418"}],"curies":[{"name":"wp","href":"https:\/\/api.w.org\/{rel}","templated":true}]}}