{"id":21523,"date":"2019-10-13T11:00:27","date_gmt":"2019-10-13T09:00:27","guid":{"rendered":"http:\/\/datastorica.agenziacalendario.com\/?p=21523"},"modified":"2019-10-13T09:56:47","modified_gmt":"2019-10-13T07:56:47","slug":"80-anni-fa-nasce-il-politico-giorgio-la-malfa","status":"publish","type":"post","link":"https:\/\/datastorica.it\/blog\/2019\/10\/13\/80-anni-fa-nasce-il-politico-giorgio-la-malfa\/","title":{"rendered":"80 anni  fa nasce il politico Giorgio La Malfa"},"content":{"rendered":"<p>Il 13 ottobre 1939 nasce a Milano Giorgio La Malfa. Figlio del famoso Ugo La Malfa, \u00e8 deputato alla Camera dal 1972, riconfermato quasi ininterrottamente fino al 2013. \u00c8 ministro del Bilancio nei primi anni ottanta \u00e8 condannato per la tangente Enimont quando era segretario del suo partito; si dimette da tutti gli incarichi, ma li riprende dopo breve tempo. Ministro delle politiche comunitarie nel terzo governo Berlusconi, nel 2011 \u00e8 espulso dal partito per aver votato contro la fiducia al quarto governo Berlusconi; \u00e8 successivamente riammesso nel partito nel 2019. Ministro per le Politiche Comunitarie e Coordinatore nazionale per la Strategia di Lisbona nel III Governo Berlusconi 2005 &#8211; 2006. \u00c8 eletto deputato al Parlamento europeo dal 1989 al 1991 e dal 1994 al 1999. Il 5 settembre 2008 lascia il PdL e si iscrive al gruppo Misto della Camera<\/p>\n","protected":false},"excerpt":{"rendered":"<p>Il 13 ottobre 1939 nasce a Milano Giorgio La Malfa. Figlio del famoso Ugo La Malfa, \u00e8 deputato alla Camera dal 1972, riconfermato quasi ininterrottamente fino al 2013. \u00c8 ministro del Bilancio nei primi anni ottanta \u00e8 condannato per la tangente Enimont quando era segretario del suo partito; si dimette da tutti gli incarichi, ma [&hellip;]<\/p>\n","protected":false},"author":1,"featured_media":0,"comment_status":"open","ping_status":"open","sticky":false,"template":"","format":"standard","meta":{"footnotes":""},"categories":[],"tags":[],"class_list":["post-21523","post","type-post","status-publish","format-standard","hentry"],"_links":{"self":[{"href":"https:\/\/datastorica.it\/blog\/wp-json\/wp\/v2\/posts\/21523","targetHints":{"allow":["GET"]}}],"collection":[{"href":"https:\/\/datastorica.it\/blog\/wp-json\/wp\/v2\/posts"}],"about":[{"href":"https:\/\/datastorica.it\/blog\/wp-json\/wp\/v2\/types\/post"}],"author":[{"embeddable":true,"href":"https:\/\/datastorica.it\/blog\/wp-json\/wp\/v2\/users\/1"}],"replies":[{"embeddable":true,"href":"https:\/\/datastorica.it\/blog\/wp-json\/wp\/v2\/comments?post=21523"}],"version-history":[{"count":1,"href":"https:\/\/datastorica.it\/blog\/wp-json\/wp\/v2\/posts\/21523\/revisions"}],"predecessor-version":[{"id":21524,"href":"https:\/\/datastorica.it\/blog\/wp-json\/wp\/v2\/posts\/21523\/revisions\/21524"}],"wp:attachment":[{"href":"https:\/\/datastorica.it\/blog\/wp-json\/wp\/v2\/media?parent=21523"}],"wp:term":[{"taxonomy":"category","embeddable":true,"href":"https:\/\/datastorica.it\/blog\/wp-json\/wp\/v2\/categories?post=21523"},{"taxonomy":"post_tag","embeddable":true,"href":"https:\/\/datastorica.it\/blog\/wp-json\/wp\/v2\/tags?post=21523"}],"curies":[{"name":"wp","href":"https:\/\/api.w.org\/{rel}","templated":true}]}}