{"id":4304,"date":"2011-10-14T10:58:47","date_gmt":"2011-10-14T08:58:47","guid":{"rendered":"http:\/\/agenziacalendario.com\/wp\/?p=4304"},"modified":"2011-10-14T09:02:18","modified_gmt":"2011-10-14T07:02:18","slug":"nasce-luomo-politico-le-duc-tho-fonda-il-partito-comunista-indocinese","status":"publish","type":"post","link":"https:\/\/datastorica.it\/blog\/2011\/10\/14\/nasce-luomo-politico-le-duc-tho-fonda-il-partito-comunista-indocinese\/","title":{"rendered":"Nasce l&#8217;uomo politico Le Duc Tho, fonda il partito comunista indocinese"},"content":{"rendered":"<p><a href=\"http:\/\/agenziacalendario.com\/wp\/wp-content\/uploads\/2011\/10\/le-duc-tho.jpg\"><img loading=\"lazy\" decoding=\"async\" class=\"alignleft size-full wp-image-4305\" title=\"le duc tho\" src=\"http:\/\/agenziacalendario.com\/wp\/wp-content\/uploads\/2011\/10\/le-duc-tho.jpg\" alt=\"\" width=\"251\" height=\"200\" \/><\/a>Il 14 ottobre 1911 nasce a Pich le, nella provincia di Ha Nam (Vietnam) il militare e politico Phan \u0110\u00ecnh Kh\u1ea3i. Pi\u00f9 noto come Le Duc Tho, nel 1930 \u00e8 tra i principali fondatori del Partito comunista indocinese; pi\u00f9 volte imprigionato dai francesi dal 1945 conduce la guerra di indipendenza con il Vi\u1ec7t Minh, il movimento indipendentista vietnamita, contro i francesi, fino agli accordi di Ginevra (Svizzera) del 1954. Nel 1956 coordina l&#8217;insurrezionecomunista nel Vietnam del Sud. Nel 1973 gli viene conferito, ma lo rifiuta, il premio Nobel per la pace insieme a Henry Kissinger, con il quale pochi mesi prima aveva firmato gli accordi di Parigi (Francia), che pongono fine alla guerra del Vietnam e consentono il ritiro delle truppe statunitensi. Le Duc Tho muore il 13 ottobre 1990 ad Hanoi (Vietnam). .<\/p>\n","protected":false},"excerpt":{"rendered":"<p>Il 14 ottobre 1911 nasce a Pich le, nella provincia di Ha Nam (Vietnam) il militare e politico Phan \u0110\u00ecnh Kh\u1ea3i. Pi\u00f9 noto come Le Duc Tho, nel 1930 \u00e8 tra i principali fondatori del Partito comunista indocinese; pi\u00f9 volte imprigionato dai francesi dal 1945 conduce la guerra di indipendenza con il Vi\u1ec7t Minh, il [&hellip;]<\/p>\n","protected":false},"author":1,"featured_media":0,"comment_status":"open","ping_status":"open","sticky":false,"template":"","format":"standard","meta":{"footnotes":""},"categories":[],"tags":[],"class_list":["post-4304","post","type-post","status-publish","format-standard","hentry"],"_links":{"self":[{"href":"https:\/\/datastorica.it\/blog\/wp-json\/wp\/v2\/posts\/4304","targetHints":{"allow":["GET"]}}],"collection":[{"href":"https:\/\/datastorica.it\/blog\/wp-json\/wp\/v2\/posts"}],"about":[{"href":"https:\/\/datastorica.it\/blog\/wp-json\/wp\/v2\/types\/post"}],"author":[{"embeddable":true,"href":"https:\/\/datastorica.it\/blog\/wp-json\/wp\/v2\/users\/1"}],"replies":[{"embeddable":true,"href":"https:\/\/datastorica.it\/blog\/wp-json\/wp\/v2\/comments?post=4304"}],"version-history":[{"count":2,"href":"https:\/\/datastorica.it\/blog\/wp-json\/wp\/v2\/posts\/4304\/revisions"}],"predecessor-version":[{"id":4310,"href":"https:\/\/datastorica.it\/blog\/wp-json\/wp\/v2\/posts\/4304\/revisions\/4310"}],"wp:attachment":[{"href":"https:\/\/datastorica.it\/blog\/wp-json\/wp\/v2\/media?parent=4304"}],"wp:term":[{"taxonomy":"category","embeddable":true,"href":"https:\/\/datastorica.it\/blog\/wp-json\/wp\/v2\/categories?post=4304"},{"taxonomy":"post_tag","embeddable":true,"href":"https:\/\/datastorica.it\/blog\/wp-json\/wp\/v2\/tags?post=4304"}],"curies":[{"name":"wp","href":"https:\/\/api.w.org\/{rel}","templated":true}]}}