{"id":4336,"date":"2011-10-15T11:00:35","date_gmt":"2011-10-15T09:00:35","guid":{"rendered":"http:\/\/agenziacalendario.com\/wp\/?p=4336"},"modified":"2011-10-15T10:22:55","modified_gmt":"2011-10-15T08:22:55","slug":"nasce-il-politico-e-vicepresidente-del-csm-nicola-mancino","status":"publish","type":"post","link":"https:\/\/datastorica.it\/blog\/2011\/10\/15\/nasce-il-politico-e-vicepresidente-del-csm-nicola-mancino\/","title":{"rendered":"Nasce il politico e vicepresidente del Csm Nicola Mancino"},"content":{"rendered":"<p><a href=\"http:\/\/agenziacalendario.com\/wp\/wp-content\/uploads\/2011\/10\/Nicola-Mancino.jpg\"><img loading=\"lazy\" decoding=\"async\" class=\"alignleft size-thumbnail wp-image-4337\" title=\"Nicola Mancino\" src=\"http:\/\/agenziacalendario.com\/wp\/wp-content\/uploads\/2011\/10\/Nicola-Mancino-150x150.jpg\" alt=\"\" width=\"150\" height=\"150\" \/><\/a>Il 15 ottobre 1931 nasce a Montefalcione (Avellino) il politico Nicola Mancino, esponente di punta della Democrazia cristiana e attuale Vice presidente del Consiglio superiore della magistratura (Csm). Mancino diventa segretario Dc prima della provincia di Avellino e poi della regione Campania (di cui \u00e8 due volte presidente della giunta regionale); \u00e8 eletto per la prima volta senatore nel 1976 e da allora \u00e8 sempre riconfermato. Dopo lo scioglimento della Dc aderisce prima al Partito popolare Iitaliano e poi alla Margherita, dove milita tuttora. Mancino \u00e8 Ministro dell&#8217;Interno dal 1992 al 1994: in questa veste firma il decreto che istituisce il reato all&#8217;istigazione razziale, che ha come conseguenza la chiusura di numerose associazione neofasciste come Meridiano zero. Dopo la vittoria di Romano Prodi e dell&#8217;Ulivo, \u00e8\u00a0 Presidente del Senato\u00a0 dal 9 maggio 1996 al 29 maggio 2001. Mancino \u00e8 rieletto senatore nel 2006 ma il 24 luglio 2006 lascia il Senato dopo 30 anni di attivit\u00e0 parlamentare perch\u00e9 eletto dal Parlamento in seduta comune come componente del Consiglio superiore della magistratura, di cui \u00e8 vicepresidente dall&#8217;1 agosto 2006.<\/p>\n","protected":false},"excerpt":{"rendered":"<p>Il 15 ottobre 1931 nasce a Montefalcione (Avellino) il politico Nicola Mancino, esponente di punta della Democrazia cristiana e attuale Vice presidente del Consiglio superiore della magistratura (Csm). Mancino diventa segretario Dc prima della provincia di Avellino e poi della regione Campania (di cui \u00e8 due volte presidente della giunta regionale); \u00e8 eletto per la [&hellip;]<\/p>\n","protected":false},"author":1,"featured_media":0,"comment_status":"open","ping_status":"open","sticky":false,"template":"","format":"standard","meta":{"footnotes":""},"categories":[],"tags":[],"class_list":["post-4336","post","type-post","status-publish","format-standard","hentry"],"_links":{"self":[{"href":"https:\/\/datastorica.it\/blog\/wp-json\/wp\/v2\/posts\/4336","targetHints":{"allow":["GET"]}}],"collection":[{"href":"https:\/\/datastorica.it\/blog\/wp-json\/wp\/v2\/posts"}],"about":[{"href":"https:\/\/datastorica.it\/blog\/wp-json\/wp\/v2\/types\/post"}],"author":[{"embeddable":true,"href":"https:\/\/datastorica.it\/blog\/wp-json\/wp\/v2\/users\/1"}],"replies":[{"embeddable":true,"href":"https:\/\/datastorica.it\/blog\/wp-json\/wp\/v2\/comments?post=4336"}],"version-history":[{"count":1,"href":"https:\/\/datastorica.it\/blog\/wp-json\/wp\/v2\/posts\/4336\/revisions"}],"predecessor-version":[{"id":4338,"href":"https:\/\/datastorica.it\/blog\/wp-json\/wp\/v2\/posts\/4336\/revisions\/4338"}],"wp:attachment":[{"href":"https:\/\/datastorica.it\/blog\/wp-json\/wp\/v2\/media?parent=4336"}],"wp:term":[{"taxonomy":"category","embeddable":true,"href":"https:\/\/datastorica.it\/blog\/wp-json\/wp\/v2\/categories?post=4336"},{"taxonomy":"post_tag","embeddable":true,"href":"https:\/\/datastorica.it\/blog\/wp-json\/wp\/v2\/tags?post=4336"}],"curies":[{"name":"wp","href":"https:\/\/api.w.org\/{rel}","templated":true}]}}